{"id":14467,"date":"2025-06-13T07:01:19","date_gmt":"2025-06-13T07:01:19","guid":{"rendered":"https:\/\/swietyjerzy.elblag.pl\/?p=14467"},"modified":"2025-06-13T07:01:20","modified_gmt":"2025-06-13T07:01:20","slug":"14-na-dobry-poczatek","status":"publish","type":"post","link":"https:\/\/swietyjerzy.elblag.pl\/index.php\/2025\/06\/13\/14-na-dobry-poczatek\/","title":{"rendered":"14 \u2013 NA DOBRY POCZ\u0104TEK"},"content":{"rendered":"\n<p>To grupa doros\u0142ych lektor\u00f3w, kt\u00f3rzy regularnie pos\u0142uguj\u0105 w naszej parafii. Dw\u00f3ch Jack\u00f3w, Piotr, siostry zakonne Ewa i Ma\u0142gorzata, Andrzej i Alicja z g.11.30, Lucyna, Ela, Sebastian, Katarzyna, Mariola, Wojtek, Ryszard. Znaj\u0105c \u017cycie, pewnie kogo\u015b pomin\u0119li\u015bmy. Jeszcze ani razu nie spotkali\u015bmy si\u0119 wszyscy razem. Zapraszam na kaw\u0119 na plebanii. Termin? Jeszcze przed wakacjami. Czekamy te\u017c na nast\u0119pnych ch\u0119tnych do pos\u0142ugi lektora w naszej parafii. &nbsp;<\/p>\n","protected":false},"excerpt":{"rendered":"<p>To grupa doros\u0142ych lektor\u00f3w, kt\u00f3rzy regularnie pos\u0142uguj\u0105 w naszej parafii. Dw\u00f3ch Jack\u00f3w, Piotr, siostry zakonne Ewa i&#8230;<\/p>\n","protected":false},"author":2,"featured_media":14468,"comment_status":"open","ping_status":"open","sticky":false,"template":"","format":"standard","meta":{"_tbt_post_transparent":"","_tbt_post_title":"","_tbt_post_layout":"","_tbt_post_sidebar_id":"","_tbt_post_content_style":"","_tbt_post_vertical_padding":"","_tbt_post_feature":"","_tbt_post_feature_position":"","_tbt_post_header":false,"_tbt_post_footer":false},"categories":[34],"tags":[],"class_list":["post-14467","post","type-post","status-publish","format-standard","has-post-thumbnail","hentry","category-aktualnosci"],"_links":{"self":[{"href":"https:\/\/swietyjerzy.elblag.pl\/index.php\/wp-json\/wp\/v2\/posts\/14467","targetHints":{"allow":["GET"]}}],"collection":[{"href":"https:\/\/swietyjerzy.elblag.pl\/index.php\/wp-json\/wp\/v2\/posts"}],"about":[{"href":"https:\/\/swietyjerzy.elblag.pl\/index.php\/wp-json\/wp\/v2\/types\/post"}],"author":[{"embeddable":true,"href":"https:\/\/swietyjerzy.elblag.pl\/index.php\/wp-json\/wp\/v2\/users\/2"}],"replies":[{"embeddable":true,"href":"https:\/\/swietyjerzy.elblag.pl\/index.php\/wp-json\/wp\/v2\/comments?post=14467"}],"version-history":[{"count":1,"href":"https:\/\/swietyjerzy.elblag.pl\/index.php\/wp-json\/wp\/v2\/posts\/14467\/revisions"}],"predecessor-version":[{"id":14469,"href":"https:\/\/swietyjerzy.elblag.pl\/index.php\/wp-json\/wp\/v2\/posts\/14467\/revisions\/14469"}],"wp:featuredmedia":[{"embeddable":true,"href":"https:\/\/swietyjerzy.elblag.pl\/index.php\/wp-json\/wp\/v2\/media\/14468"}],"wp:attachment":[{"href":"https:\/\/swietyjerzy.elblag.pl\/index.php\/wp-json\/wp\/v2\/media?parent=14467"}],"wp:term":[{"taxonomy":"category","embeddable":true,"href":"https:\/\/swietyjerzy.elblag.pl\/index.php\/wp-json\/wp\/v2\/categories?post=14467"},{"taxonomy":"post_tag","embeddable":true,"href":"https:\/\/swietyjerzy.elblag.pl\/index.php\/wp-json\/wp\/v2\/tags?post=14467"}],"curies":[{"name":"wp","href":"https:\/\/api.w.org\/{rel}","templated":true}]}}