{"id":14458,"date":"2025-05-27T06:51:57","date_gmt":"2025-05-27T06:51:57","guid":{"rendered":"https:\/\/swietyjerzy.elblag.pl\/?p=14458"},"modified":"2025-05-27T06:51:57","modified_gmt":"2025-05-27T06:51:57","slug":"obroncy","status":"publish","type":"post","link":"https:\/\/swietyjerzy.elblag.pl\/index.php\/2025\/05\/27\/obroncy\/","title":{"rendered":"OBRO\u0143CY"},"content":{"rendered":"\n<p>Religii i etyki w szkole. Dok\u0142adnie 278 osoby podpisa\u0142y si\u0119 pod petycj\u0105 skierowan\u0105 do Ministerstwa Edukacji Narodowej. By\u0142o to w ostatni\u0105 niedziel\u0119, w naszej parafii. Czy to co\u015b zmieni w nastawieniu ministerstwa? Obawiamy si\u0119, \u017ce nie. Przecie\u017c religia jest najwi\u0119kszym problemem polskiej szko\u0142y \u2013 o czym \u015bwiadcz\u0105 dzia\u0142ania ministerstwa. I nie zmieni\u0105 tego u\u015bmiechy i zak\u0142amane deklaracje o ch\u0119ci dialogu.&nbsp;<\/p>\n","protected":false},"excerpt":{"rendered":"<p>Religii i etyki w szkole. Dok\u0142adnie 278 osoby podpisa\u0142y si\u0119 pod petycj\u0105 skierowan\u0105 do Ministerstwa Edukacji Narodowej&#8230;.<\/p>\n","protected":false},"author":2,"featured_media":14459,"comment_status":"open","ping_status":"open","sticky":false,"template":"","format":"standard","meta":{"_tbt_post_transparent":"","_tbt_post_title":"","_tbt_post_layout":"","_tbt_post_sidebar_id":"","_tbt_post_content_style":"","_tbt_post_vertical_padding":"","_tbt_post_feature":"","_tbt_post_feature_position":"","_tbt_post_header":false,"_tbt_post_footer":false},"categories":[34],"tags":[],"class_list":["post-14458","post","type-post","status-publish","format-standard","has-post-thumbnail","hentry","category-aktualnosci"],"_links":{"self":[{"href":"https:\/\/swietyjerzy.elblag.pl\/index.php\/wp-json\/wp\/v2\/posts\/14458","targetHints":{"allow":["GET"]}}],"collection":[{"href":"https:\/\/swietyjerzy.elblag.pl\/index.php\/wp-json\/wp\/v2\/posts"}],"about":[{"href":"https:\/\/swietyjerzy.elblag.pl\/index.php\/wp-json\/wp\/v2\/types\/post"}],"author":[{"embeddable":true,"href":"https:\/\/swietyjerzy.elblag.pl\/index.php\/wp-json\/wp\/v2\/users\/2"}],"replies":[{"embeddable":true,"href":"https:\/\/swietyjerzy.elblag.pl\/index.php\/wp-json\/wp\/v2\/comments?post=14458"}],"version-history":[{"count":1,"href":"https:\/\/swietyjerzy.elblag.pl\/index.php\/wp-json\/wp\/v2\/posts\/14458\/revisions"}],"predecessor-version":[{"id":14460,"href":"https:\/\/swietyjerzy.elblag.pl\/index.php\/wp-json\/wp\/v2\/posts\/14458\/revisions\/14460"}],"wp:featuredmedia":[{"embeddable":true,"href":"https:\/\/swietyjerzy.elblag.pl\/index.php\/wp-json\/wp\/v2\/media\/14459"}],"wp:attachment":[{"href":"https:\/\/swietyjerzy.elblag.pl\/index.php\/wp-json\/wp\/v2\/media?parent=14458"}],"wp:term":[{"taxonomy":"category","embeddable":true,"href":"https:\/\/swietyjerzy.elblag.pl\/index.php\/wp-json\/wp\/v2\/categories?post=14458"},{"taxonomy":"post_tag","embeddable":true,"href":"https:\/\/swietyjerzy.elblag.pl\/index.php\/wp-json\/wp\/v2\/tags?post=14458"}],"curies":[{"name":"wp","href":"https:\/\/api.w.org\/{rel}","templated":true}]}}