{"id":14453,"date":"2025-05-24T14:22:32","date_gmt":"2025-05-24T14:22:32","guid":{"rendered":"https:\/\/swietyjerzy.elblag.pl\/?p=14453"},"modified":"2025-05-24T14:22:33","modified_gmt":"2025-05-24T14:22:33","slug":"pelna-radosci","status":"publish","type":"post","link":"https:\/\/swietyjerzy.elblag.pl\/index.php\/2025\/05\/24\/pelna-radosci\/","title":{"rendered":"PE\u0141NA RADO\u015aCI"},"content":{"rendered":"\n<p>I Komunia \u015awi\u0119ta naszych dzieci. By\u0142o ich 106-cioro, w trzech grupach. By\u0142o uroczy\u015bcie, od\u015bwi\u0119tnie, serdecznie. Wszystko dopi\u0119te na ostatni guzik. Trzeba by\u0142oby dzi\u0119kowa\u0107 tylu osobom. By si\u0119 w tych podzi\u0119kowaniach nie pogubi\u0107&nbsp; i nie za s\u0142odzi\u0107 \u2013 dobrze, \u017ce tacy fajni jeste\u015bcie. B\u00f3g zap\u0142a\u0107!<\/p>\n","protected":false},"excerpt":{"rendered":"<p>I Komunia \u015awi\u0119ta naszych dzieci. By\u0142o ich 106-cioro, w trzech grupach. By\u0142o uroczy\u015bcie, od\u015bwi\u0119tnie, serdecznie. Wszystko dopi\u0119te&#8230;<\/p>\n","protected":false},"author":2,"featured_media":14454,"comment_status":"open","ping_status":"open","sticky":false,"template":"","format":"standard","meta":{"_tbt_post_transparent":"","_tbt_post_title":"","_tbt_post_layout":"","_tbt_post_sidebar_id":"","_tbt_post_content_style":"","_tbt_post_vertical_padding":"","_tbt_post_feature":"","_tbt_post_feature_position":"","_tbt_post_header":false,"_tbt_post_footer":false},"categories":[34],"tags":[],"class_list":["post-14453","post","type-post","status-publish","format-standard","has-post-thumbnail","hentry","category-aktualnosci"],"_links":{"self":[{"href":"https:\/\/swietyjerzy.elblag.pl\/index.php\/wp-json\/wp\/v2\/posts\/14453","targetHints":{"allow":["GET"]}}],"collection":[{"href":"https:\/\/swietyjerzy.elblag.pl\/index.php\/wp-json\/wp\/v2\/posts"}],"about":[{"href":"https:\/\/swietyjerzy.elblag.pl\/index.php\/wp-json\/wp\/v2\/types\/post"}],"author":[{"embeddable":true,"href":"https:\/\/swietyjerzy.elblag.pl\/index.php\/wp-json\/wp\/v2\/users\/2"}],"replies":[{"embeddable":true,"href":"https:\/\/swietyjerzy.elblag.pl\/index.php\/wp-json\/wp\/v2\/comments?post=14453"}],"version-history":[{"count":1,"href":"https:\/\/swietyjerzy.elblag.pl\/index.php\/wp-json\/wp\/v2\/posts\/14453\/revisions"}],"predecessor-version":[{"id":14455,"href":"https:\/\/swietyjerzy.elblag.pl\/index.php\/wp-json\/wp\/v2\/posts\/14453\/revisions\/14455"}],"wp:featuredmedia":[{"embeddable":true,"href":"https:\/\/swietyjerzy.elblag.pl\/index.php\/wp-json\/wp\/v2\/media\/14454"}],"wp:attachment":[{"href":"https:\/\/swietyjerzy.elblag.pl\/index.php\/wp-json\/wp\/v2\/media?parent=14453"}],"wp:term":[{"taxonomy":"category","embeddable":true,"href":"https:\/\/swietyjerzy.elblag.pl\/index.php\/wp-json\/wp\/v2\/categories?post=14453"},{"taxonomy":"post_tag","embeddable":true,"href":"https:\/\/swietyjerzy.elblag.pl\/index.php\/wp-json\/wp\/v2\/tags?post=14453"}],"curies":[{"name":"wp","href":"https:\/\/api.w.org\/{rel}","templated":true}]}}