{"id":14446,"date":"2025-05-20T15:25:48","date_gmt":"2025-05-20T15:25:48","guid":{"rendered":"https:\/\/swietyjerzy.elblag.pl\/?p=14446"},"modified":"2025-05-20T15:25:50","modified_gmt":"2025-05-20T15:25:50","slug":"bozonarodzeniowo-w-maju","status":"publish","type":"post","link":"https:\/\/swietyjerzy.elblag.pl\/index.php\/2025\/05\/20\/bozonarodzeniowo-w-maju\/","title":{"rendered":"BO\u017bONARODZENIOWO W MAJU"},"content":{"rendered":"\n<p>20 maja, a my my\u015blimy ju\u017c o Bo\u017cym Narodzeniu. Odnowione i odmalowane zosta\u0142y stare, gipsowe figurki do \u017c\u0142\u00f3bka. Wygl\u0105daj\u0105 uroczo. Du\u017ca to zas\u0142uga pani Ewy i jej wnuczki. W odr\u00f3\u017cnieniu od wsp\u00f3\u0142czesnych, plastikowych figurek \u2013 rzekomo w\u0142oskich, a produkowanych w Chinach \u2013 te nasze, maj\u0105 niepowtarzalne ciep\u0142o i urok. Dzi\u0119kujemy!<\/p>\n","protected":false},"excerpt":{"rendered":"<p>20 maja, a my my\u015blimy ju\u017c o Bo\u017cym Narodzeniu. Odnowione i odmalowane zosta\u0142y stare, gipsowe figurki do&#8230;<\/p>\n","protected":false},"author":2,"featured_media":14447,"comment_status":"open","ping_status":"open","sticky":false,"template":"","format":"standard","meta":{"_tbt_post_transparent":"","_tbt_post_title":"","_tbt_post_layout":"","_tbt_post_sidebar_id":"","_tbt_post_content_style":"","_tbt_post_vertical_padding":"","_tbt_post_feature":"","_tbt_post_feature_position":"","_tbt_post_header":false,"_tbt_post_footer":false},"categories":[34],"tags":[],"class_list":["post-14446","post","type-post","status-publish","format-standard","has-post-thumbnail","hentry","category-aktualnosci"],"_links":{"self":[{"href":"https:\/\/swietyjerzy.elblag.pl\/index.php\/wp-json\/wp\/v2\/posts\/14446","targetHints":{"allow":["GET"]}}],"collection":[{"href":"https:\/\/swietyjerzy.elblag.pl\/index.php\/wp-json\/wp\/v2\/posts"}],"about":[{"href":"https:\/\/swietyjerzy.elblag.pl\/index.php\/wp-json\/wp\/v2\/types\/post"}],"author":[{"embeddable":true,"href":"https:\/\/swietyjerzy.elblag.pl\/index.php\/wp-json\/wp\/v2\/users\/2"}],"replies":[{"embeddable":true,"href":"https:\/\/swietyjerzy.elblag.pl\/index.php\/wp-json\/wp\/v2\/comments?post=14446"}],"version-history":[{"count":1,"href":"https:\/\/swietyjerzy.elblag.pl\/index.php\/wp-json\/wp\/v2\/posts\/14446\/revisions"}],"predecessor-version":[{"id":14448,"href":"https:\/\/swietyjerzy.elblag.pl\/index.php\/wp-json\/wp\/v2\/posts\/14446\/revisions\/14448"}],"wp:featuredmedia":[{"embeddable":true,"href":"https:\/\/swietyjerzy.elblag.pl\/index.php\/wp-json\/wp\/v2\/media\/14447"}],"wp:attachment":[{"href":"https:\/\/swietyjerzy.elblag.pl\/index.php\/wp-json\/wp\/v2\/media?parent=14446"}],"wp:term":[{"taxonomy":"category","embeddable":true,"href":"https:\/\/swietyjerzy.elblag.pl\/index.php\/wp-json\/wp\/v2\/categories?post=14446"},{"taxonomy":"post_tag","embeddable":true,"href":"https:\/\/swietyjerzy.elblag.pl\/index.php\/wp-json\/wp\/v2\/tags?post=14446"}],"curies":[{"name":"wp","href":"https:\/\/api.w.org\/{rel}","templated":true}]}}