{"id":14441,"date":"2025-05-14T07:15:22","date_gmt":"2025-05-14T07:15:22","guid":{"rendered":"https:\/\/swietyjerzy.elblag.pl\/?p=14441"},"modified":"2025-05-14T07:15:23","modified_gmt":"2025-05-14T07:15:23","slug":"intencyjna","status":"publish","type":"post","link":"https:\/\/swietyjerzy.elblag.pl\/index.php\/2025\/05\/14\/intencyjna\/","title":{"rendered":"INTENCYJNA"},"content":{"rendered":"\n<p>Ksi\u0119ga. Dominuj\u0105 intencje za zmar\u0142ych. Z regu\u0142y zwi\u0105zane z rocznicami \u015bmierci. S\u0105 te\u017c liczne msze gregoria\u0144skie. Dalej id\u0105 intencje o zdrowie czy udan\u0105 operacj\u0105. W rocznice \u015blubu, urodzin b\u0105d\u017a imienin. S\u0105 te\u017c regularne intencje za dusze w czy\u015b\u0107cu cierpi\u0105ce i konaj\u0105cych, a tak\u017ce za parafian. Czasem w intencji Panu Bogu wiadomej lub wynagradzaj\u0105cej za grzechy. Jest to okazja by spotka\u0107 si\u0119 z rodzin\u0105 w ko\u015bciele, pomodli\u0107 si\u0119, pojecha\u0107 na cmentarz, zje\u015b\u0107 wsp\u00f3lnie posi\u0142ek czy wypi\u0107 kaw\u0119. Acha, z\u0142o\u017cy\u0107 tak\u017ce ofiar\u0119 na ko\u015bci\u00f3\u0142. &nbsp;&nbsp;&nbsp;<\/p>\n","protected":false},"excerpt":{"rendered":"<p>Ksi\u0119ga. Dominuj\u0105 intencje za zmar\u0142ych. Z regu\u0142y zwi\u0105zane z rocznicami \u015bmierci. S\u0105 te\u017c liczne msze gregoria\u0144skie. Dalej&#8230;<\/p>\n","protected":false},"author":2,"featured_media":14442,"comment_status":"open","ping_status":"open","sticky":false,"template":"","format":"standard","meta":{"_tbt_post_transparent":"","_tbt_post_title":"","_tbt_post_layout":"","_tbt_post_sidebar_id":"","_tbt_post_content_style":"","_tbt_post_vertical_padding":"","_tbt_post_feature":"","_tbt_post_feature_position":"","_tbt_post_header":false,"_tbt_post_footer":false},"categories":[34],"tags":[],"class_list":["post-14441","post","type-post","status-publish","format-standard","has-post-thumbnail","hentry","category-aktualnosci"],"_links":{"self":[{"href":"https:\/\/swietyjerzy.elblag.pl\/index.php\/wp-json\/wp\/v2\/posts\/14441","targetHints":{"allow":["GET"]}}],"collection":[{"href":"https:\/\/swietyjerzy.elblag.pl\/index.php\/wp-json\/wp\/v2\/posts"}],"about":[{"href":"https:\/\/swietyjerzy.elblag.pl\/index.php\/wp-json\/wp\/v2\/types\/post"}],"author":[{"embeddable":true,"href":"https:\/\/swietyjerzy.elblag.pl\/index.php\/wp-json\/wp\/v2\/users\/2"}],"replies":[{"embeddable":true,"href":"https:\/\/swietyjerzy.elblag.pl\/index.php\/wp-json\/wp\/v2\/comments?post=14441"}],"version-history":[{"count":1,"href":"https:\/\/swietyjerzy.elblag.pl\/index.php\/wp-json\/wp\/v2\/posts\/14441\/revisions"}],"predecessor-version":[{"id":14443,"href":"https:\/\/swietyjerzy.elblag.pl\/index.php\/wp-json\/wp\/v2\/posts\/14441\/revisions\/14443"}],"wp:featuredmedia":[{"embeddable":true,"href":"https:\/\/swietyjerzy.elblag.pl\/index.php\/wp-json\/wp\/v2\/media\/14442"}],"wp:attachment":[{"href":"https:\/\/swietyjerzy.elblag.pl\/index.php\/wp-json\/wp\/v2\/media?parent=14441"}],"wp:term":[{"taxonomy":"category","embeddable":true,"href":"https:\/\/swietyjerzy.elblag.pl\/index.php\/wp-json\/wp\/v2\/categories?post=14441"},{"taxonomy":"post_tag","embeddable":true,"href":"https:\/\/swietyjerzy.elblag.pl\/index.php\/wp-json\/wp\/v2\/tags?post=14441"}],"curies":[{"name":"wp","href":"https:\/\/api.w.org\/{rel}","templated":true}]}}