{"id":14434,"date":"2025-05-09T07:01:00","date_gmt":"2025-05-09T07:01:00","guid":{"rendered":"https:\/\/swietyjerzy.elblag.pl\/?p=14434"},"modified":"2025-05-09T07:56:51","modified_gmt":"2025-05-09T07:56:51","slug":"radosc-zaskoczenia","status":"publish","type":"post","link":"https:\/\/swietyjerzy.elblag.pl\/index.php\/2025\/05\/09\/radosc-zaskoczenia\/","title":{"rendered":"RADO\u015a\u0106 ZASKOCZENIA"},"content":{"rendered":"\n<p>\u017be ten kardyna\u0142, \u017ce tak szybko. \u017be niespodziewanie inny od tych, kt\u00f3rych typowano. Wzbudza tyle sympatii i \u017cyczliwo\u015bci. I nie chodzi wy\u0142\u0105cznie o zmian\u0119 franciszkowego \u201ebuona sera\u201d, na pe\u0142ne teologicznej tre\u015bci \u201ela pace sia con voi!\u201d. Jak na pierwsze 10 minut wyst\u0105pienia jest tego du\u017co: powr\u00f3t do pontyfikalnego stroju, wyb\u00f3r imienia, nawi\u0105zanie do poprzednika, modlitwa do Matki Bo\u017cej. Nieukrywane wzruszenie i pewno\u015b\u0107 przygotowanego na pi\u015bmie przem\u00f3wienia. Pe\u0142ni nadziei i pokoju, o kt\u00f3rym m\u00f3wi\u0142 papie\u017c Leon XIV, w oczekiwaniu na dobry pontyfikat. \u00a0\u00a0<\/p>\n","protected":false},"excerpt":{"rendered":"<p>\u017be ten kardyna\u0142, \u017ce tak szybko. \u017be niespodziewanie inny od tych, kt\u00f3rych typowano. Wzbudza tyle sympatii i&#8230;<\/p>\n","protected":false},"author":2,"featured_media":14435,"comment_status":"open","ping_status":"open","sticky":false,"template":"","format":"standard","meta":{"_tbt_post_transparent":"","_tbt_post_title":"","_tbt_post_layout":"","_tbt_post_sidebar_id":"","_tbt_post_content_style":"","_tbt_post_vertical_padding":"","_tbt_post_feature":"","_tbt_post_feature_position":"","_tbt_post_header":false,"_tbt_post_footer":false},"categories":[34],"tags":[],"class_list":["post-14434","post","type-post","status-publish","format-standard","has-post-thumbnail","hentry","category-aktualnosci"],"_links":{"self":[{"href":"https:\/\/swietyjerzy.elblag.pl\/index.php\/wp-json\/wp\/v2\/posts\/14434","targetHints":{"allow":["GET"]}}],"collection":[{"href":"https:\/\/swietyjerzy.elblag.pl\/index.php\/wp-json\/wp\/v2\/posts"}],"about":[{"href":"https:\/\/swietyjerzy.elblag.pl\/index.php\/wp-json\/wp\/v2\/types\/post"}],"author":[{"embeddable":true,"href":"https:\/\/swietyjerzy.elblag.pl\/index.php\/wp-json\/wp\/v2\/users\/2"}],"replies":[{"embeddable":true,"href":"https:\/\/swietyjerzy.elblag.pl\/index.php\/wp-json\/wp\/v2\/comments?post=14434"}],"version-history":[{"count":2,"href":"https:\/\/swietyjerzy.elblag.pl\/index.php\/wp-json\/wp\/v2\/posts\/14434\/revisions"}],"predecessor-version":[{"id":14437,"href":"https:\/\/swietyjerzy.elblag.pl\/index.php\/wp-json\/wp\/v2\/posts\/14434\/revisions\/14437"}],"wp:featuredmedia":[{"embeddable":true,"href":"https:\/\/swietyjerzy.elblag.pl\/index.php\/wp-json\/wp\/v2\/media\/14435"}],"wp:attachment":[{"href":"https:\/\/swietyjerzy.elblag.pl\/index.php\/wp-json\/wp\/v2\/media?parent=14434"}],"wp:term":[{"taxonomy":"category","embeddable":true,"href":"https:\/\/swietyjerzy.elblag.pl\/index.php\/wp-json\/wp\/v2\/categories?post=14434"},{"taxonomy":"post_tag","embeddable":true,"href":"https:\/\/swietyjerzy.elblag.pl\/index.php\/wp-json\/wp\/v2\/tags?post=14434"}],"curies":[{"name":"wp","href":"https:\/\/api.w.org\/{rel}","templated":true}]}}