{"id":14431,"date":"2025-05-07T06:23:10","date_gmt":"2025-05-07T06:23:10","guid":{"rendered":"https:\/\/swietyjerzy.elblag.pl\/?p=14431"},"modified":"2025-05-07T06:23:10","modified_gmt":"2025-05-07T06:23:10","slug":"proby-ruszyly-2","status":"publish","type":"post","link":"https:\/\/swietyjerzy.elblag.pl\/index.php\/2025\/05\/07\/proby-ruszyly-2\/","title":{"rendered":"PR\u00d3BY RUSZY\u0141Y"},"content":{"rendered":"\n<p>Do Pierwszej Komunii \u015awi\u0119tej. W \u015brody o godz. 18.30 \u2013 dzieci z SP 4; w czwartki o godz. 18.30 \u2013 dzieci ze szko\u0142y muzycznej i innych szk\u00f3\u0142, gdzie ucz\u0105 si\u0119 nasi mali parafianie; w pi\u0105tki o godz. 16.30 \u2013 dzieci z OSW z ul. Polnej. Zapraszamy do uczestnictwa! &nbsp;&nbsp;<\/p>\n","protected":false},"excerpt":{"rendered":"<p>Do Pierwszej Komunii \u015awi\u0119tej. W \u015brody o godz. 18.30 \u2013 dzieci z SP 4; w czwartki o&#8230;<\/p>\n","protected":false},"author":2,"featured_media":14432,"comment_status":"open","ping_status":"open","sticky":false,"template":"","format":"standard","meta":{"_tbt_post_transparent":"","_tbt_post_title":"","_tbt_post_layout":"","_tbt_post_sidebar_id":"","_tbt_post_content_style":"","_tbt_post_vertical_padding":"","_tbt_post_feature":"","_tbt_post_feature_position":"","_tbt_post_header":false,"_tbt_post_footer":false},"categories":[34],"tags":[],"class_list":["post-14431","post","type-post","status-publish","format-standard","has-post-thumbnail","hentry","category-aktualnosci"],"_links":{"self":[{"href":"https:\/\/swietyjerzy.elblag.pl\/index.php\/wp-json\/wp\/v2\/posts\/14431","targetHints":{"allow":["GET"]}}],"collection":[{"href":"https:\/\/swietyjerzy.elblag.pl\/index.php\/wp-json\/wp\/v2\/posts"}],"about":[{"href":"https:\/\/swietyjerzy.elblag.pl\/index.php\/wp-json\/wp\/v2\/types\/post"}],"author":[{"embeddable":true,"href":"https:\/\/swietyjerzy.elblag.pl\/index.php\/wp-json\/wp\/v2\/users\/2"}],"replies":[{"embeddable":true,"href":"https:\/\/swietyjerzy.elblag.pl\/index.php\/wp-json\/wp\/v2\/comments?post=14431"}],"version-history":[{"count":1,"href":"https:\/\/swietyjerzy.elblag.pl\/index.php\/wp-json\/wp\/v2\/posts\/14431\/revisions"}],"predecessor-version":[{"id":14433,"href":"https:\/\/swietyjerzy.elblag.pl\/index.php\/wp-json\/wp\/v2\/posts\/14431\/revisions\/14433"}],"wp:featuredmedia":[{"embeddable":true,"href":"https:\/\/swietyjerzy.elblag.pl\/index.php\/wp-json\/wp\/v2\/media\/14432"}],"wp:attachment":[{"href":"https:\/\/swietyjerzy.elblag.pl\/index.php\/wp-json\/wp\/v2\/media?parent=14431"}],"wp:term":[{"taxonomy":"category","embeddable":true,"href":"https:\/\/swietyjerzy.elblag.pl\/index.php\/wp-json\/wp\/v2\/categories?post=14431"},{"taxonomy":"post_tag","embeddable":true,"href":"https:\/\/swietyjerzy.elblag.pl\/index.php\/wp-json\/wp\/v2\/tags?post=14431"}],"curies":[{"name":"wp","href":"https:\/\/api.w.org\/{rel}","templated":true}]}}