{"id":14422,"date":"2025-04-28T04:17:12","date_gmt":"2025-04-28T04:17:12","guid":{"rendered":"https:\/\/swietyjerzy.elblag.pl\/?p=14422"},"modified":"2025-04-28T04:17:12","modified_gmt":"2025-04-28T04:17:12","slug":"chrzcielnie","status":"publish","type":"post","link":"https:\/\/swietyjerzy.elblag.pl\/index.php\/2025\/04\/28\/chrzcielnie\/","title":{"rendered":"CHRZCIELNIE"},"content":{"rendered":"\n<p>W minion\u0105 sobot\u0119 \u015blub i chrzest, a w niedziel\u0119 kolejne 5 chrzt\u00f3w. A\u017c sama buzia \u015bmieje si\u0119 z rado\u015bci. Nie jest jednak tak zawsze, a problem z dzietno\u015bci\u0105 w Polsce i w Elbl\u0105gu jest naprawd\u0119 du\u017cy. &nbsp;<\/p>\n","protected":false},"excerpt":{"rendered":"<p>W minion\u0105 sobot\u0119 \u015blub i chrzest, a w niedziel\u0119 kolejne 5 chrzt\u00f3w. A\u017c sama buzia \u015bmieje si\u0119&#8230;<\/p>\n","protected":false},"author":2,"featured_media":14423,"comment_status":"open","ping_status":"open","sticky":false,"template":"","format":"standard","meta":{"_tbt_post_transparent":"","_tbt_post_title":"","_tbt_post_layout":"","_tbt_post_sidebar_id":"","_tbt_post_content_style":"","_tbt_post_vertical_padding":"","_tbt_post_feature":"","_tbt_post_feature_position":"","_tbt_post_header":false,"_tbt_post_footer":false},"categories":[34],"tags":[],"class_list":["post-14422","post","type-post","status-publish","format-standard","has-post-thumbnail","hentry","category-aktualnosci"],"_links":{"self":[{"href":"https:\/\/swietyjerzy.elblag.pl\/index.php\/wp-json\/wp\/v2\/posts\/14422","targetHints":{"allow":["GET"]}}],"collection":[{"href":"https:\/\/swietyjerzy.elblag.pl\/index.php\/wp-json\/wp\/v2\/posts"}],"about":[{"href":"https:\/\/swietyjerzy.elblag.pl\/index.php\/wp-json\/wp\/v2\/types\/post"}],"author":[{"embeddable":true,"href":"https:\/\/swietyjerzy.elblag.pl\/index.php\/wp-json\/wp\/v2\/users\/2"}],"replies":[{"embeddable":true,"href":"https:\/\/swietyjerzy.elblag.pl\/index.php\/wp-json\/wp\/v2\/comments?post=14422"}],"version-history":[{"count":1,"href":"https:\/\/swietyjerzy.elblag.pl\/index.php\/wp-json\/wp\/v2\/posts\/14422\/revisions"}],"predecessor-version":[{"id":14424,"href":"https:\/\/swietyjerzy.elblag.pl\/index.php\/wp-json\/wp\/v2\/posts\/14422\/revisions\/14424"}],"wp:featuredmedia":[{"embeddable":true,"href":"https:\/\/swietyjerzy.elblag.pl\/index.php\/wp-json\/wp\/v2\/media\/14423"}],"wp:attachment":[{"href":"https:\/\/swietyjerzy.elblag.pl\/index.php\/wp-json\/wp\/v2\/media?parent=14422"}],"wp:term":[{"taxonomy":"category","embeddable":true,"href":"https:\/\/swietyjerzy.elblag.pl\/index.php\/wp-json\/wp\/v2\/categories?post=14422"},{"taxonomy":"post_tag","embeddable":true,"href":"https:\/\/swietyjerzy.elblag.pl\/index.php\/wp-json\/wp\/v2\/tags?post=14422"}],"curies":[{"name":"wp","href":"https:\/\/api.w.org\/{rel}","templated":true}]}}