{"id":14416,"date":"2025-04-26T06:26:58","date_gmt":"2025-04-26T06:26:58","guid":{"rendered":"https:\/\/swietyjerzy.elblag.pl\/?p=14416"},"modified":"2025-04-26T06:26:58","modified_gmt":"2025-04-26T06:26:58","slug":"baner","status":"publish","type":"post","link":"https:\/\/swietyjerzy.elblag.pl\/index.php\/2025\/04\/26\/baner\/","title":{"rendered":"BANER"},"content":{"rendered":"\n<p>Mamy nowy baner na murze ko\u015bcio\u0142a. Wydaje si\u0119, ze jego grafika i przes\u0142anie: \u201eChce si\u0119 tu by\u0107\u201d nie jest na wyrost i wyra\u017ca to, jak\u0105 wsp\u00f3lnot\u0105 jeste\u015bmy!<\/p>\n","protected":false},"excerpt":{"rendered":"<p>Mamy nowy baner na murze ko\u015bcio\u0142a. Wydaje si\u0119, ze jego grafika i przes\u0142anie: \u201eChce si\u0119 tu by\u0107\u201d&#8230;<\/p>\n","protected":false},"author":2,"featured_media":14417,"comment_status":"open","ping_status":"open","sticky":false,"template":"","format":"standard","meta":{"_tbt_post_transparent":"","_tbt_post_title":"","_tbt_post_layout":"","_tbt_post_sidebar_id":"","_tbt_post_content_style":"","_tbt_post_vertical_padding":"","_tbt_post_feature":"","_tbt_post_feature_position":"","_tbt_post_header":false,"_tbt_post_footer":false},"categories":[34],"tags":[],"class_list":["post-14416","post","type-post","status-publish","format-standard","has-post-thumbnail","hentry","category-aktualnosci"],"_links":{"self":[{"href":"https:\/\/swietyjerzy.elblag.pl\/index.php\/wp-json\/wp\/v2\/posts\/14416","targetHints":{"allow":["GET"]}}],"collection":[{"href":"https:\/\/swietyjerzy.elblag.pl\/index.php\/wp-json\/wp\/v2\/posts"}],"about":[{"href":"https:\/\/swietyjerzy.elblag.pl\/index.php\/wp-json\/wp\/v2\/types\/post"}],"author":[{"embeddable":true,"href":"https:\/\/swietyjerzy.elblag.pl\/index.php\/wp-json\/wp\/v2\/users\/2"}],"replies":[{"embeddable":true,"href":"https:\/\/swietyjerzy.elblag.pl\/index.php\/wp-json\/wp\/v2\/comments?post=14416"}],"version-history":[{"count":1,"href":"https:\/\/swietyjerzy.elblag.pl\/index.php\/wp-json\/wp\/v2\/posts\/14416\/revisions"}],"predecessor-version":[{"id":14418,"href":"https:\/\/swietyjerzy.elblag.pl\/index.php\/wp-json\/wp\/v2\/posts\/14416\/revisions\/14418"}],"wp:featuredmedia":[{"embeddable":true,"href":"https:\/\/swietyjerzy.elblag.pl\/index.php\/wp-json\/wp\/v2\/media\/14417"}],"wp:attachment":[{"href":"https:\/\/swietyjerzy.elblag.pl\/index.php\/wp-json\/wp\/v2\/media?parent=14416"}],"wp:term":[{"taxonomy":"category","embeddable":true,"href":"https:\/\/swietyjerzy.elblag.pl\/index.php\/wp-json\/wp\/v2\/categories?post=14416"},{"taxonomy":"post_tag","embeddable":true,"href":"https:\/\/swietyjerzy.elblag.pl\/index.php\/wp-json\/wp\/v2\/tags?post=14416"}],"curies":[{"name":"wp","href":"https:\/\/api.w.org\/{rel}","templated":true}]}}