{"id":14405,"date":"2025-04-10T07:18:55","date_gmt":"2025-04-10T07:18:55","guid":{"rendered":"https:\/\/swietyjerzy.elblag.pl\/?p=14405"},"modified":"2025-04-10T07:18:55","modified_gmt":"2025-04-10T07:18:55","slug":"palmowa-z-zywymi-palmami","status":"publish","type":"post","link":"https:\/\/swietyjerzy.elblag.pl\/index.php\/2025\/04\/10\/palmowa-z-zywymi-palmami\/","title":{"rendered":"PALMOWA Z \u017bYWYMI PALMAMI"},"content":{"rendered":"\n<p>Czekaj\u0105 ju\u017c w zakrystii. \u017bywe palmy. Bez obaw. Nie b\u0119d\u0105 obcinane. Pos\u0142u\u017c\u0105 do dekoracji w Niedziel\u0119 Palmow\u0105, a potem znajd\u0105 si\u0119 przy Grobie Pa\u0144skim. Zapraszamy do ko\u015bcio\u0142a z palmami w r\u0119ku. Nawet je\u017celi b\u0119d\u0105 kupne lub zesz\u0142oroczne \u2013 przyozd\u00f3bmy je czym\u015b \u017cywym i wiosennym. Po mszy o godz. 11.30 konkurs z nagrodami.<\/p>\n","protected":false},"excerpt":{"rendered":"<p>Czekaj\u0105 ju\u017c w zakrystii. \u017bywe palmy. Bez obaw. Nie b\u0119d\u0105 obcinane. Pos\u0142u\u017c\u0105 do dekoracji w Niedziel\u0119 Palmow\u0105,&#8230;<\/p>\n","protected":false},"author":2,"featured_media":14406,"comment_status":"open","ping_status":"open","sticky":false,"template":"","format":"standard","meta":{"_tbt_post_transparent":"","_tbt_post_title":"","_tbt_post_layout":"","_tbt_post_sidebar_id":"","_tbt_post_content_style":"","_tbt_post_vertical_padding":"","_tbt_post_feature":"","_tbt_post_feature_position":"","_tbt_post_header":false,"_tbt_post_footer":false},"categories":[34],"tags":[],"class_list":["post-14405","post","type-post","status-publish","format-standard","has-post-thumbnail","hentry","category-aktualnosci"],"_links":{"self":[{"href":"https:\/\/swietyjerzy.elblag.pl\/index.php\/wp-json\/wp\/v2\/posts\/14405","targetHints":{"allow":["GET"]}}],"collection":[{"href":"https:\/\/swietyjerzy.elblag.pl\/index.php\/wp-json\/wp\/v2\/posts"}],"about":[{"href":"https:\/\/swietyjerzy.elblag.pl\/index.php\/wp-json\/wp\/v2\/types\/post"}],"author":[{"embeddable":true,"href":"https:\/\/swietyjerzy.elblag.pl\/index.php\/wp-json\/wp\/v2\/users\/2"}],"replies":[{"embeddable":true,"href":"https:\/\/swietyjerzy.elblag.pl\/index.php\/wp-json\/wp\/v2\/comments?post=14405"}],"version-history":[{"count":1,"href":"https:\/\/swietyjerzy.elblag.pl\/index.php\/wp-json\/wp\/v2\/posts\/14405\/revisions"}],"predecessor-version":[{"id":14407,"href":"https:\/\/swietyjerzy.elblag.pl\/index.php\/wp-json\/wp\/v2\/posts\/14405\/revisions\/14407"}],"wp:featuredmedia":[{"embeddable":true,"href":"https:\/\/swietyjerzy.elblag.pl\/index.php\/wp-json\/wp\/v2\/media\/14406"}],"wp:attachment":[{"href":"https:\/\/swietyjerzy.elblag.pl\/index.php\/wp-json\/wp\/v2\/media?parent=14405"}],"wp:term":[{"taxonomy":"category","embeddable":true,"href":"https:\/\/swietyjerzy.elblag.pl\/index.php\/wp-json\/wp\/v2\/categories?post=14405"},{"taxonomy":"post_tag","embeddable":true,"href":"https:\/\/swietyjerzy.elblag.pl\/index.php\/wp-json\/wp\/v2\/tags?post=14405"}],"curies":[{"name":"wp","href":"https:\/\/api.w.org\/{rel}","templated":true}]}}