{"id":14396,"date":"2025-04-02T05:03:36","date_gmt":"2025-04-02T05:03:36","guid":{"rendered":"https:\/\/swietyjerzy.elblag.pl\/?p=14396"},"modified":"2025-04-02T05:03:36","modified_gmt":"2025-04-02T05:03:36","slug":"rocznicowo","status":"publish","type":"post","link":"https:\/\/swietyjerzy.elblag.pl\/index.php\/2025\/04\/02\/rocznicowo\/","title":{"rendered":"ROCZNICOWO"},"content":{"rendered":"\n<p>Za nami niedziela z pami\u0119ci\u0105 o Janie Pawle II. Wczoraj na wigilijnym nabo\u017ce\u0144stwie 20.rocznicy \u015bmierci Karola Wojty\u0142y by\u0142o nas ok. 60 os\u00f3b. Przy takiej frekwencji pomys\u0142 na upami\u0119tnienie \u015bw. Jana Paw\u0142a II ju\u017c w niedziel\u0119 by\u0142 chyba s\u0142uszny. Dzi\u0119kujemy p. Marii i Eli, ks. Marcinowi oraz Odnowie w Duchu \u015awi\u0119tym i zespo\u0142owi \u201eAgape\u201d za przygotowanie tego wszystkiego.<\/p>\n","protected":false},"excerpt":{"rendered":"<p>Za nami niedziela z pami\u0119ci\u0105 o Janie Pawle II. Wczoraj na wigilijnym nabo\u017ce\u0144stwie 20.rocznicy \u015bmierci Karola Wojty\u0142y&#8230;<\/p>\n","protected":false},"author":2,"featured_media":14397,"comment_status":"open","ping_status":"open","sticky":false,"template":"","format":"standard","meta":{"_tbt_post_transparent":"","_tbt_post_title":"","_tbt_post_layout":"","_tbt_post_sidebar_id":"","_tbt_post_content_style":"","_tbt_post_vertical_padding":"","_tbt_post_feature":"","_tbt_post_feature_position":"","_tbt_post_header":false,"_tbt_post_footer":false},"categories":[34],"tags":[],"class_list":["post-14396","post","type-post","status-publish","format-standard","has-post-thumbnail","hentry","category-aktualnosci"],"_links":{"self":[{"href":"https:\/\/swietyjerzy.elblag.pl\/index.php\/wp-json\/wp\/v2\/posts\/14396","targetHints":{"allow":["GET"]}}],"collection":[{"href":"https:\/\/swietyjerzy.elblag.pl\/index.php\/wp-json\/wp\/v2\/posts"}],"about":[{"href":"https:\/\/swietyjerzy.elblag.pl\/index.php\/wp-json\/wp\/v2\/types\/post"}],"author":[{"embeddable":true,"href":"https:\/\/swietyjerzy.elblag.pl\/index.php\/wp-json\/wp\/v2\/users\/2"}],"replies":[{"embeddable":true,"href":"https:\/\/swietyjerzy.elblag.pl\/index.php\/wp-json\/wp\/v2\/comments?post=14396"}],"version-history":[{"count":1,"href":"https:\/\/swietyjerzy.elblag.pl\/index.php\/wp-json\/wp\/v2\/posts\/14396\/revisions"}],"predecessor-version":[{"id":14398,"href":"https:\/\/swietyjerzy.elblag.pl\/index.php\/wp-json\/wp\/v2\/posts\/14396\/revisions\/14398"}],"wp:featuredmedia":[{"embeddable":true,"href":"https:\/\/swietyjerzy.elblag.pl\/index.php\/wp-json\/wp\/v2\/media\/14397"}],"wp:attachment":[{"href":"https:\/\/swietyjerzy.elblag.pl\/index.php\/wp-json\/wp\/v2\/media?parent=14396"}],"wp:term":[{"taxonomy":"category","embeddable":true,"href":"https:\/\/swietyjerzy.elblag.pl\/index.php\/wp-json\/wp\/v2\/categories?post=14396"},{"taxonomy":"post_tag","embeddable":true,"href":"https:\/\/swietyjerzy.elblag.pl\/index.php\/wp-json\/wp\/v2\/tags?post=14396"}],"curies":[{"name":"wp","href":"https:\/\/api.w.org\/{rel}","templated":true}]}}