{"id":14390,"date":"2025-03-26T06:50:45","date_gmt":"2025-03-26T06:50:45","guid":{"rendered":"https:\/\/swietyjerzy.elblag.pl\/?p=14390"},"modified":"2025-03-26T06:50:45","modified_gmt":"2025-03-26T06:50:45","slug":"liczby-tygodnia","status":"publish","type":"post","link":"https:\/\/swietyjerzy.elblag.pl\/index.php\/2025\/03\/26\/liczby-tygodnia\/","title":{"rendered":"LICZBY TYGODNIA"},"content":{"rendered":"\n<p>Na poniedzia\u0142kowych nieszporach m\u0119\u017cczyzn by\u0142o nas 29., w tym 2 ksi\u0119\u017cy. Poranna jutrznia ma r\u00f3\u017cn\u0105, stabiln\u0105 frekwencj\u0119. Na dziewi\u0119ciomiesi\u0119czn\u0105 adopcj\u0119 dziecka pocz\u0119tego zdecydowa\u0142o si\u0119 ok. 20 os\u00f3b. W zaawansowanych ju\u017c pr\u00f3bach scholii\/ch\u00f3ru bierze udzia\u0142 18 \u015bpiewak\u00f3w. Na plebanii spotykaj\u0105 si\u0119 2 grupy mieszane AA, jedna \u017ce\u0144ska, 2 grupy anonimowych narkoman\u00f3w i jedna Al-Anon.<\/p>\n\n\n\n<p><\/p>\n","protected":false},"excerpt":{"rendered":"<p>Na poniedzia\u0142kowych nieszporach m\u0119\u017cczyzn by\u0142o nas 29., w tym 2 ksi\u0119\u017cy. Poranna jutrznia ma r\u00f3\u017cn\u0105, stabiln\u0105 frekwencj\u0119&#8230;.<\/p>\n","protected":false},"author":2,"featured_media":14391,"comment_status":"open","ping_status":"open","sticky":false,"template":"","format":"standard","meta":{"_tbt_post_transparent":"","_tbt_post_title":"","_tbt_post_layout":"","_tbt_post_sidebar_id":"","_tbt_post_content_style":"","_tbt_post_vertical_padding":"","_tbt_post_feature":"","_tbt_post_feature_position":"","_tbt_post_header":false,"_tbt_post_footer":false},"categories":[34],"tags":[],"class_list":["post-14390","post","type-post","status-publish","format-standard","has-post-thumbnail","hentry","category-aktualnosci"],"_links":{"self":[{"href":"https:\/\/swietyjerzy.elblag.pl\/index.php\/wp-json\/wp\/v2\/posts\/14390","targetHints":{"allow":["GET"]}}],"collection":[{"href":"https:\/\/swietyjerzy.elblag.pl\/index.php\/wp-json\/wp\/v2\/posts"}],"about":[{"href":"https:\/\/swietyjerzy.elblag.pl\/index.php\/wp-json\/wp\/v2\/types\/post"}],"author":[{"embeddable":true,"href":"https:\/\/swietyjerzy.elblag.pl\/index.php\/wp-json\/wp\/v2\/users\/2"}],"replies":[{"embeddable":true,"href":"https:\/\/swietyjerzy.elblag.pl\/index.php\/wp-json\/wp\/v2\/comments?post=14390"}],"version-history":[{"count":1,"href":"https:\/\/swietyjerzy.elblag.pl\/index.php\/wp-json\/wp\/v2\/posts\/14390\/revisions"}],"predecessor-version":[{"id":14392,"href":"https:\/\/swietyjerzy.elblag.pl\/index.php\/wp-json\/wp\/v2\/posts\/14390\/revisions\/14392"}],"wp:featuredmedia":[{"embeddable":true,"href":"https:\/\/swietyjerzy.elblag.pl\/index.php\/wp-json\/wp\/v2\/media\/14391"}],"wp:attachment":[{"href":"https:\/\/swietyjerzy.elblag.pl\/index.php\/wp-json\/wp\/v2\/media?parent=14390"}],"wp:term":[{"taxonomy":"category","embeddable":true,"href":"https:\/\/swietyjerzy.elblag.pl\/index.php\/wp-json\/wp\/v2\/categories?post=14390"},{"taxonomy":"post_tag","embeddable":true,"href":"https:\/\/swietyjerzy.elblag.pl\/index.php\/wp-json\/wp\/v2\/tags?post=14390"}],"curies":[{"name":"wp","href":"https:\/\/api.w.org\/{rel}","templated":true}]}}