{"id":14380,"date":"2025-03-15T08:39:41","date_gmt":"2025-03-15T08:39:41","guid":{"rendered":"https:\/\/swietyjerzy.elblag.pl\/?p=14380"},"modified":"2025-03-15T08:39:42","modified_gmt":"2025-03-15T08:39:42","slug":"1755","status":"publish","type":"post","link":"https:\/\/swietyjerzy.elblag.pl\/index.php\/2025\/03\/15\/1755\/","title":{"rendered":"1755"},"content":{"rendered":"\n<p>Tylu mamy regularnych obserwator\u00f3w naszej strony. Czy to du\u017co? My\u015bl\u0119, \u017ce tak. Gdyby tylu nas jeszcze chodzi\u0142o na drog\u0119 krzy\u017cow\u0105. Przypominamy, w pi\u0105tki o godz. 16.30 i 17.30. Za Ka\u017cd\u0105 i Ka\u017cdego w ko\u015bciele i na stronie internetowej \u2013 dzi\u0119kujemy!<\/p>\n\n\n\n<p><\/p>\n","protected":false},"excerpt":{"rendered":"<p>Tylu mamy regularnych obserwator\u00f3w naszej strony. Czy to du\u017co? My\u015bl\u0119, \u017ce tak. Gdyby tylu nas jeszcze chodzi\u0142o&#8230;<\/p>\n","protected":false},"author":2,"featured_media":14381,"comment_status":"open","ping_status":"open","sticky":false,"template":"","format":"standard","meta":{"_tbt_post_transparent":"","_tbt_post_title":"","_tbt_post_layout":"","_tbt_post_sidebar_id":"","_tbt_post_content_style":"","_tbt_post_vertical_padding":"","_tbt_post_feature":"","_tbt_post_feature_position":"","_tbt_post_header":false,"_tbt_post_footer":false},"categories":[34],"tags":[],"class_list":["post-14380","post","type-post","status-publish","format-standard","has-post-thumbnail","hentry","category-aktualnosci"],"_links":{"self":[{"href":"https:\/\/swietyjerzy.elblag.pl\/index.php\/wp-json\/wp\/v2\/posts\/14380","targetHints":{"allow":["GET"]}}],"collection":[{"href":"https:\/\/swietyjerzy.elblag.pl\/index.php\/wp-json\/wp\/v2\/posts"}],"about":[{"href":"https:\/\/swietyjerzy.elblag.pl\/index.php\/wp-json\/wp\/v2\/types\/post"}],"author":[{"embeddable":true,"href":"https:\/\/swietyjerzy.elblag.pl\/index.php\/wp-json\/wp\/v2\/users\/2"}],"replies":[{"embeddable":true,"href":"https:\/\/swietyjerzy.elblag.pl\/index.php\/wp-json\/wp\/v2\/comments?post=14380"}],"version-history":[{"count":1,"href":"https:\/\/swietyjerzy.elblag.pl\/index.php\/wp-json\/wp\/v2\/posts\/14380\/revisions"}],"predecessor-version":[{"id":14382,"href":"https:\/\/swietyjerzy.elblag.pl\/index.php\/wp-json\/wp\/v2\/posts\/14380\/revisions\/14382"}],"wp:featuredmedia":[{"embeddable":true,"href":"https:\/\/swietyjerzy.elblag.pl\/index.php\/wp-json\/wp\/v2\/media\/14381"}],"wp:attachment":[{"href":"https:\/\/swietyjerzy.elblag.pl\/index.php\/wp-json\/wp\/v2\/media?parent=14380"}],"wp:term":[{"taxonomy":"category","embeddable":true,"href":"https:\/\/swietyjerzy.elblag.pl\/index.php\/wp-json\/wp\/v2\/categories?post=14380"},{"taxonomy":"post_tag","embeddable":true,"href":"https:\/\/swietyjerzy.elblag.pl\/index.php\/wp-json\/wp\/v2\/tags?post=14380"}],"curies":[{"name":"wp","href":"https:\/\/api.w.org\/{rel}","templated":true}]}}