{"id":14377,"date":"2025-03-14T13:30:13","date_gmt":"2025-03-14T13:30:13","guid":{"rendered":"https:\/\/swietyjerzy.elblag.pl\/?p=14377"},"modified":"2025-03-14T13:30:14","modified_gmt":"2025-03-14T13:30:14","slug":"koscielne-zawory","status":"publish","type":"post","link":"https:\/\/swietyjerzy.elblag.pl\/index.php\/2025\/03\/14\/koscielne-zawory\/","title":{"rendered":"KO\u015aCIELNE ZAWORY"},"content":{"rendered":"\n<p>Zacz\u0119\u0142y przecieka\u0107. Na w\u0119\u017ale g\u0142\u00f3wnym. Dobrze, \u017ce zaczyna si\u0119 ju\u017c robi\u0107 ciep\u0142o i wy\u0142\u0105czy\u0107 mo\u017cna by\u0142o ogrzewanie. Zrzut wody, wycinanie, montowanie. Wymiana g\u0142owic i odpowietrzaczy kaloryfer\u00f3w. Gotowe na przysz\u0142y sezon grzewczy. Przetrwali\u015bmy zim\u0119 w ogrzewanym ko\u015bciele. Mimo takiej dro\u017cyzny. Niewiarygodne. &nbsp;Bogu niech b\u0119d\u0105 dzi\u0119ki! &nbsp;<\/p>\n","protected":false},"excerpt":{"rendered":"<p>Zacz\u0119\u0142y przecieka\u0107. Na w\u0119\u017ale g\u0142\u00f3wnym. Dobrze, \u017ce zaczyna si\u0119 ju\u017c robi\u0107 ciep\u0142o i wy\u0142\u0105czy\u0107 mo\u017cna by\u0142o ogrzewanie&#8230;.<\/p>\n","protected":false},"author":2,"featured_media":14378,"comment_status":"open","ping_status":"open","sticky":false,"template":"","format":"standard","meta":{"_tbt_post_transparent":"","_tbt_post_title":"","_tbt_post_layout":"","_tbt_post_sidebar_id":"","_tbt_post_content_style":"","_tbt_post_vertical_padding":"","_tbt_post_feature":"","_tbt_post_feature_position":"","_tbt_post_header":false,"_tbt_post_footer":false},"categories":[34],"tags":[],"class_list":["post-14377","post","type-post","status-publish","format-standard","has-post-thumbnail","hentry","category-aktualnosci"],"_links":{"self":[{"href":"https:\/\/swietyjerzy.elblag.pl\/index.php\/wp-json\/wp\/v2\/posts\/14377","targetHints":{"allow":["GET"]}}],"collection":[{"href":"https:\/\/swietyjerzy.elblag.pl\/index.php\/wp-json\/wp\/v2\/posts"}],"about":[{"href":"https:\/\/swietyjerzy.elblag.pl\/index.php\/wp-json\/wp\/v2\/types\/post"}],"author":[{"embeddable":true,"href":"https:\/\/swietyjerzy.elblag.pl\/index.php\/wp-json\/wp\/v2\/users\/2"}],"replies":[{"embeddable":true,"href":"https:\/\/swietyjerzy.elblag.pl\/index.php\/wp-json\/wp\/v2\/comments?post=14377"}],"version-history":[{"count":1,"href":"https:\/\/swietyjerzy.elblag.pl\/index.php\/wp-json\/wp\/v2\/posts\/14377\/revisions"}],"predecessor-version":[{"id":14379,"href":"https:\/\/swietyjerzy.elblag.pl\/index.php\/wp-json\/wp\/v2\/posts\/14377\/revisions\/14379"}],"wp:featuredmedia":[{"embeddable":true,"href":"https:\/\/swietyjerzy.elblag.pl\/index.php\/wp-json\/wp\/v2\/media\/14378"}],"wp:attachment":[{"href":"https:\/\/swietyjerzy.elblag.pl\/index.php\/wp-json\/wp\/v2\/media?parent=14377"}],"wp:term":[{"taxonomy":"category","embeddable":true,"href":"https:\/\/swietyjerzy.elblag.pl\/index.php\/wp-json\/wp\/v2\/categories?post=14377"},{"taxonomy":"post_tag","embeddable":true,"href":"https:\/\/swietyjerzy.elblag.pl\/index.php\/wp-json\/wp\/v2\/tags?post=14377"}],"curies":[{"name":"wp","href":"https:\/\/api.w.org\/{rel}","templated":true}]}}