{"id":14374,"date":"2025-03-11T07:00:56","date_gmt":"2025-03-11T07:00:56","guid":{"rendered":"https:\/\/swietyjerzy.elblag.pl\/?p=14374"},"modified":"2025-03-11T07:00:57","modified_gmt":"2025-03-11T07:00:57","slug":"znowu-nas-mniej","status":"publish","type":"post","link":"https:\/\/swietyjerzy.elblag.pl\/index.php\/2025\/03\/11\/znowu-nas-mniej\/","title":{"rendered":"ZNOWU NAS MNIEJ"},"content":{"rendered":"\n<p>Wed\u0142ug Urz\u0119du Skarbowego na terenie parafii jest\/mieszka(?) 10 927 os\u00f3b. Od takiej liczby ksi\u0119\u017ca p\u0142ac\u0105 zrycza\u0142towany podatek do pa\u0144stwa i op\u0142aty na kuri\u0119 oraz seminarium duchowne. Czy tyle os\u00f3b rzeczywi\u015bcie tu mieszka? Czy wszyscy s\u0105 wierz\u0105cy? Bynajmniej. Pewne jest, \u017ce parafia maleje. Jeszcze kilka lat temu by\u0142o nas ponad 12, 5 tys. Tym bardziej dzi\u0119kujemy tym, kt\u00f3rzy ze \u015awi\u0119tym Jerzym si\u0119 identyfikuj\u0105. &nbsp;<\/p>\n","protected":false},"excerpt":{"rendered":"<p>Wed\u0142ug Urz\u0119du Skarbowego na terenie parafii jest\/mieszka(?) 10 927 os\u00f3b. Od takiej liczby ksi\u0119\u017ca p\u0142ac\u0105 zrycza\u0142towany podatek&#8230;<\/p>\n","protected":false},"author":2,"featured_media":14375,"comment_status":"open","ping_status":"open","sticky":false,"template":"","format":"standard","meta":{"_tbt_post_transparent":"","_tbt_post_title":"","_tbt_post_layout":"","_tbt_post_sidebar_id":"","_tbt_post_content_style":"","_tbt_post_vertical_padding":"","_tbt_post_feature":"","_tbt_post_feature_position":"","_tbt_post_header":false,"_tbt_post_footer":false},"categories":[34],"tags":[],"class_list":["post-14374","post","type-post","status-publish","format-standard","has-post-thumbnail","hentry","category-aktualnosci"],"_links":{"self":[{"href":"https:\/\/swietyjerzy.elblag.pl\/index.php\/wp-json\/wp\/v2\/posts\/14374","targetHints":{"allow":["GET"]}}],"collection":[{"href":"https:\/\/swietyjerzy.elblag.pl\/index.php\/wp-json\/wp\/v2\/posts"}],"about":[{"href":"https:\/\/swietyjerzy.elblag.pl\/index.php\/wp-json\/wp\/v2\/types\/post"}],"author":[{"embeddable":true,"href":"https:\/\/swietyjerzy.elblag.pl\/index.php\/wp-json\/wp\/v2\/users\/2"}],"replies":[{"embeddable":true,"href":"https:\/\/swietyjerzy.elblag.pl\/index.php\/wp-json\/wp\/v2\/comments?post=14374"}],"version-history":[{"count":1,"href":"https:\/\/swietyjerzy.elblag.pl\/index.php\/wp-json\/wp\/v2\/posts\/14374\/revisions"}],"predecessor-version":[{"id":14376,"href":"https:\/\/swietyjerzy.elblag.pl\/index.php\/wp-json\/wp\/v2\/posts\/14374\/revisions\/14376"}],"wp:featuredmedia":[{"embeddable":true,"href":"https:\/\/swietyjerzy.elblag.pl\/index.php\/wp-json\/wp\/v2\/media\/14375"}],"wp:attachment":[{"href":"https:\/\/swietyjerzy.elblag.pl\/index.php\/wp-json\/wp\/v2\/media?parent=14374"}],"wp:term":[{"taxonomy":"category","embeddable":true,"href":"https:\/\/swietyjerzy.elblag.pl\/index.php\/wp-json\/wp\/v2\/categories?post=14374"},{"taxonomy":"post_tag","embeddable":true,"href":"https:\/\/swietyjerzy.elblag.pl\/index.php\/wp-json\/wp\/v2\/tags?post=14374"}],"curies":[{"name":"wp","href":"https:\/\/api.w.org\/{rel}","templated":true}]}}