{"id":14357,"date":"2025-02-17T11:20:00","date_gmt":"2025-02-17T11:20:00","guid":{"rendered":"https:\/\/swietyjerzy.elblag.pl\/?p=14357"},"modified":"2025-02-17T11:20:01","modified_gmt":"2025-02-17T11:20:01","slug":"jubilerzy-w-akcji","status":"publish","type":"post","link":"https:\/\/swietyjerzy.elblag.pl\/index.php\/2025\/02\/17\/jubilerzy-w-akcji\/","title":{"rendered":"JUBILERZY W AKCJI"},"content":{"rendered":"\n<p>Zacz\u0119\u0142o si\u0119 od adwentowych latarni. Trzeba by\u0142 je naprawi\u0107 i po\u0142\u0105czy\u0107 \u017celazo z miedzi\u0105. Potem czas przyszed\u0142 na monstrancj\u0119 i regulacj\u0119 melchizedeka. Zosta\u0142a roz\u0142o\u017cona na cz\u0119\u015bci pierwsze, wzmocniona i pi\u0119knie oczyszczona. Na koniec zosta\u0142 klucz od tabernakulum. Tu po\u0142\u0105czy\u0107 trzeba by\u0142o \u017celazo z mosi\u0105dzem. Dobrze, \u017ce klucz nie zablokowa\u0142a si\u0119 w zamku. Zrobili to dwaj panowie nosz\u0105cy to samo imi\u0119 Stanis\u0142aw. Dzi\u0119kujemy!<\/p>\n","protected":false},"excerpt":{"rendered":"<p>Zacz\u0119\u0142o si\u0119 od adwentowych latarni. Trzeba by\u0142 je naprawi\u0107 i po\u0142\u0105czy\u0107 \u017celazo z miedzi\u0105. Potem czas przyszed\u0142&#8230;<\/p>\n","protected":false},"author":2,"featured_media":14358,"comment_status":"open","ping_status":"open","sticky":false,"template":"","format":"standard","meta":{"_tbt_post_transparent":"","_tbt_post_title":"","_tbt_post_layout":"","_tbt_post_sidebar_id":"","_tbt_post_content_style":"","_tbt_post_vertical_padding":"","_tbt_post_feature":"","_tbt_post_feature_position":"","_tbt_post_header":false,"_tbt_post_footer":false},"categories":[34],"tags":[],"class_list":["post-14357","post","type-post","status-publish","format-standard","has-post-thumbnail","hentry","category-aktualnosci"],"_links":{"self":[{"href":"https:\/\/swietyjerzy.elblag.pl\/index.php\/wp-json\/wp\/v2\/posts\/14357","targetHints":{"allow":["GET"]}}],"collection":[{"href":"https:\/\/swietyjerzy.elblag.pl\/index.php\/wp-json\/wp\/v2\/posts"}],"about":[{"href":"https:\/\/swietyjerzy.elblag.pl\/index.php\/wp-json\/wp\/v2\/types\/post"}],"author":[{"embeddable":true,"href":"https:\/\/swietyjerzy.elblag.pl\/index.php\/wp-json\/wp\/v2\/users\/2"}],"replies":[{"embeddable":true,"href":"https:\/\/swietyjerzy.elblag.pl\/index.php\/wp-json\/wp\/v2\/comments?post=14357"}],"version-history":[{"count":1,"href":"https:\/\/swietyjerzy.elblag.pl\/index.php\/wp-json\/wp\/v2\/posts\/14357\/revisions"}],"predecessor-version":[{"id":14359,"href":"https:\/\/swietyjerzy.elblag.pl\/index.php\/wp-json\/wp\/v2\/posts\/14357\/revisions\/14359"}],"wp:featuredmedia":[{"embeddable":true,"href":"https:\/\/swietyjerzy.elblag.pl\/index.php\/wp-json\/wp\/v2\/media\/14358"}],"wp:attachment":[{"href":"https:\/\/swietyjerzy.elblag.pl\/index.php\/wp-json\/wp\/v2\/media?parent=14357"}],"wp:term":[{"taxonomy":"category","embeddable":true,"href":"https:\/\/swietyjerzy.elblag.pl\/index.php\/wp-json\/wp\/v2\/categories?post=14357"},{"taxonomy":"post_tag","embeddable":true,"href":"https:\/\/swietyjerzy.elblag.pl\/index.php\/wp-json\/wp\/v2\/tags?post=14357"}],"curies":[{"name":"wp","href":"https:\/\/api.w.org\/{rel}","templated":true}]}}