{"id":14351,"date":"2025-02-13T07:09:40","date_gmt":"2025-02-13T07:09:40","guid":{"rendered":"https:\/\/swietyjerzy.elblag.pl\/?p=14351"},"modified":"2025-02-13T07:09:41","modified_gmt":"2025-02-13T07:09:41","slug":"proby-ruszyly","status":"publish","type":"post","link":"https:\/\/swietyjerzy.elblag.pl\/index.php\/2025\/02\/13\/proby-ruszyly\/","title":{"rendered":"PR\u00d3BY RUSZY\u0141Y"},"content":{"rendered":"\n<p>Na razie w grupach \u0107wicz\u0105 poszczeg\u00f3lne g\u0142osy. Wczoraj alty i soprany. Docelowo nasz ch\u00f3r upi\u0119ksza\u0107 b\u0119dzie liturgi\u0119 Wielkiego Tygodnia. Nie mo\u017cemy si\u0119 ju\u017c doczeka\u0107. Na pewno b\u0119dzie pi\u0119knie! &nbsp;&nbsp;<\/p>\n","protected":false},"excerpt":{"rendered":"<p>Na razie w grupach \u0107wicz\u0105 poszczeg\u00f3lne g\u0142osy. Wczoraj alty i soprany. Docelowo nasz ch\u00f3r upi\u0119ksza\u0107 b\u0119dzie liturgi\u0119&#8230;<\/p>\n","protected":false},"author":2,"featured_media":14352,"comment_status":"open","ping_status":"open","sticky":false,"template":"","format":"standard","meta":{"_tbt_post_transparent":"","_tbt_post_title":"","_tbt_post_layout":"","_tbt_post_sidebar_id":"","_tbt_post_content_style":"","_tbt_post_vertical_padding":"","_tbt_post_feature":"","_tbt_post_feature_position":"","_tbt_post_header":false,"_tbt_post_footer":false},"categories":[34],"tags":[],"class_list":["post-14351","post","type-post","status-publish","format-standard","has-post-thumbnail","hentry","category-aktualnosci"],"_links":{"self":[{"href":"https:\/\/swietyjerzy.elblag.pl\/index.php\/wp-json\/wp\/v2\/posts\/14351","targetHints":{"allow":["GET"]}}],"collection":[{"href":"https:\/\/swietyjerzy.elblag.pl\/index.php\/wp-json\/wp\/v2\/posts"}],"about":[{"href":"https:\/\/swietyjerzy.elblag.pl\/index.php\/wp-json\/wp\/v2\/types\/post"}],"author":[{"embeddable":true,"href":"https:\/\/swietyjerzy.elblag.pl\/index.php\/wp-json\/wp\/v2\/users\/2"}],"replies":[{"embeddable":true,"href":"https:\/\/swietyjerzy.elblag.pl\/index.php\/wp-json\/wp\/v2\/comments?post=14351"}],"version-history":[{"count":1,"href":"https:\/\/swietyjerzy.elblag.pl\/index.php\/wp-json\/wp\/v2\/posts\/14351\/revisions"}],"predecessor-version":[{"id":14353,"href":"https:\/\/swietyjerzy.elblag.pl\/index.php\/wp-json\/wp\/v2\/posts\/14351\/revisions\/14353"}],"wp:featuredmedia":[{"embeddable":true,"href":"https:\/\/swietyjerzy.elblag.pl\/index.php\/wp-json\/wp\/v2\/media\/14352"}],"wp:attachment":[{"href":"https:\/\/swietyjerzy.elblag.pl\/index.php\/wp-json\/wp\/v2\/media?parent=14351"}],"wp:term":[{"taxonomy":"category","embeddable":true,"href":"https:\/\/swietyjerzy.elblag.pl\/index.php\/wp-json\/wp\/v2\/categories?post=14351"},{"taxonomy":"post_tag","embeddable":true,"href":"https:\/\/swietyjerzy.elblag.pl\/index.php\/wp-json\/wp\/v2\/tags?post=14351"}],"curies":[{"name":"wp","href":"https:\/\/api.w.org\/{rel}","templated":true}]}}