{"id":14346,"date":"2025-02-05T15:16:39","date_gmt":"2025-02-05T15:16:39","guid":{"rendered":"https:\/\/swietyjerzy.elblag.pl\/?p=14346"},"modified":"2025-02-05T15:16:40","modified_gmt":"2025-02-05T15:16:40","slug":"meskie-granie","status":"publish","type":"post","link":"https:\/\/swietyjerzy.elblag.pl\/index.php\/2025\/02\/05\/meskie-granie\/","title":{"rendered":"M\u0118SKIE GRANIE"},"content":{"rendered":"\n<p>To znaczy bardziej \u015bpiewanie. Nieszpory w naszym wydaniu s\u0105 oczywi\u015bcie a cappella, z podzia\u0142em na \u201ech\u00f3r\u201d prowadz\u0105cego i reszt\u0119 m\u0119\u017cczyzn. Jest tak\u017ce Magnificat i pro\u015bby \u015bpiewane przez ks. Rektora. Kadzid\u0142o i \u201eSalve Regina\u201d po \u0142acinie dope\u0142niaj\u0105 ca\u0142o\u015b\u0107. Ka\u017cdy poniedzia\u0142ek o godz. 17.30. Ostatnio by\u0142o nas 26 i dw\u00f3ch ksi\u0119\u017cy. Mo\u017ce kiedy\u015b pu\u015bcimy jak\u0105\u015b rolk\u0119. Ciekawe jakie by\u0142yby opinie? &nbsp;&nbsp;<\/p>\n","protected":false},"excerpt":{"rendered":"<p>To znaczy bardziej \u015bpiewanie. Nieszpory w naszym wydaniu s\u0105 oczywi\u015bcie a cappella, z podzia\u0142em na \u201ech\u00f3r\u201d prowadz\u0105cego&#8230;<\/p>\n","protected":false},"author":2,"featured_media":14347,"comment_status":"open","ping_status":"open","sticky":false,"template":"","format":"standard","meta":{"_tbt_post_transparent":"","_tbt_post_title":"","_tbt_post_layout":"","_tbt_post_sidebar_id":"","_tbt_post_content_style":"","_tbt_post_vertical_padding":"","_tbt_post_feature":"","_tbt_post_feature_position":"","_tbt_post_header":false,"_tbt_post_footer":false},"categories":[34],"tags":[],"class_list":["post-14346","post","type-post","status-publish","format-standard","has-post-thumbnail","hentry","category-aktualnosci"],"_links":{"self":[{"href":"https:\/\/swietyjerzy.elblag.pl\/index.php\/wp-json\/wp\/v2\/posts\/14346","targetHints":{"allow":["GET"]}}],"collection":[{"href":"https:\/\/swietyjerzy.elblag.pl\/index.php\/wp-json\/wp\/v2\/posts"}],"about":[{"href":"https:\/\/swietyjerzy.elblag.pl\/index.php\/wp-json\/wp\/v2\/types\/post"}],"author":[{"embeddable":true,"href":"https:\/\/swietyjerzy.elblag.pl\/index.php\/wp-json\/wp\/v2\/users\/2"}],"replies":[{"embeddable":true,"href":"https:\/\/swietyjerzy.elblag.pl\/index.php\/wp-json\/wp\/v2\/comments?post=14346"}],"version-history":[{"count":1,"href":"https:\/\/swietyjerzy.elblag.pl\/index.php\/wp-json\/wp\/v2\/posts\/14346\/revisions"}],"predecessor-version":[{"id":14348,"href":"https:\/\/swietyjerzy.elblag.pl\/index.php\/wp-json\/wp\/v2\/posts\/14346\/revisions\/14348"}],"wp:featuredmedia":[{"embeddable":true,"href":"https:\/\/swietyjerzy.elblag.pl\/index.php\/wp-json\/wp\/v2\/media\/14347"}],"wp:attachment":[{"href":"https:\/\/swietyjerzy.elblag.pl\/index.php\/wp-json\/wp\/v2\/media?parent=14346"}],"wp:term":[{"taxonomy":"category","embeddable":true,"href":"https:\/\/swietyjerzy.elblag.pl\/index.php\/wp-json\/wp\/v2\/categories?post=14346"},{"taxonomy":"post_tag","embeddable":true,"href":"https:\/\/swietyjerzy.elblag.pl\/index.php\/wp-json\/wp\/v2\/tags?post=14346"}],"curies":[{"name":"wp","href":"https:\/\/api.w.org\/{rel}","templated":true}]}}