{"id":14340,"date":"2025-01-27T12:03:34","date_gmt":"2025-01-27T12:03:34","guid":{"rendered":"https:\/\/swietyjerzy.elblag.pl\/?p=14340"},"modified":"2025-01-27T12:03:35","modified_gmt":"2025-01-27T12:03:35","slug":"wyciagnij-gromnice-z-szuflady","status":"publish","type":"post","link":"https:\/\/swietyjerzy.elblag.pl\/index.php\/2025\/01\/27\/wyciagnij-gromnice-z-szuflady\/","title":{"rendered":"WYCI\u0104GNIJ GROMNIC\u0118 Z SZUFLADY"},"content":{"rendered":"\n<p>W najbli\u017csz\u0105 niedziel\u0119, 2 lutego spotykamy si\u0119 w ko\u015bciele z gromnic\u0105 w r\u0119ku. Coraz rzadziej j\u0105 u\u017cywamy. Chcemy to zmieni\u0107. &nbsp;Prosimy by kupi\u0107 now\u0105, dekoracyjn\u0105, nawet zapachow\u0105 \u015bwiec\u0119. Po po\u015bwi\u0119ceniu, postawi\u0107 j\u0105 w widocznym miejscu i mie\u0107 w gotowo\u015bci, gdyby kto\u015b zachorowa\u0142? Nie tylko. Proponujemy, by raz w tygodniu, np. w poniedzia\u0142ek, zapali\u0107 j\u0105 i pomodli\u0107 si\u0119 za naszych zmar\u0142ych. Robi\u0107 to regularnie, nawet gdy nie mamy czasu i nastroju do modlitwy. \u015awieca niech przez chwil\u0119 si\u0119 pali. Przynajmniej tyle.<\/p>\n","protected":false},"excerpt":{"rendered":"<p>W najbli\u017csz\u0105 niedziel\u0119, 2 lutego spotykamy si\u0119 w ko\u015bciele z gromnic\u0105 w r\u0119ku. Coraz rzadziej j\u0105 u\u017cywamy&#8230;.<\/p>\n","protected":false},"author":2,"featured_media":14341,"comment_status":"open","ping_status":"open","sticky":false,"template":"","format":"standard","meta":{"_tbt_post_transparent":"","_tbt_post_title":"","_tbt_post_layout":"","_tbt_post_sidebar_id":"","_tbt_post_content_style":"","_tbt_post_vertical_padding":"","_tbt_post_feature":"","_tbt_post_feature_position":"","_tbt_post_header":false,"_tbt_post_footer":false},"categories":[34],"tags":[],"class_list":["post-14340","post","type-post","status-publish","format-standard","has-post-thumbnail","hentry","category-aktualnosci"],"_links":{"self":[{"href":"https:\/\/swietyjerzy.elblag.pl\/index.php\/wp-json\/wp\/v2\/posts\/14340","targetHints":{"allow":["GET"]}}],"collection":[{"href":"https:\/\/swietyjerzy.elblag.pl\/index.php\/wp-json\/wp\/v2\/posts"}],"about":[{"href":"https:\/\/swietyjerzy.elblag.pl\/index.php\/wp-json\/wp\/v2\/types\/post"}],"author":[{"embeddable":true,"href":"https:\/\/swietyjerzy.elblag.pl\/index.php\/wp-json\/wp\/v2\/users\/2"}],"replies":[{"embeddable":true,"href":"https:\/\/swietyjerzy.elblag.pl\/index.php\/wp-json\/wp\/v2\/comments?post=14340"}],"version-history":[{"count":1,"href":"https:\/\/swietyjerzy.elblag.pl\/index.php\/wp-json\/wp\/v2\/posts\/14340\/revisions"}],"predecessor-version":[{"id":14342,"href":"https:\/\/swietyjerzy.elblag.pl\/index.php\/wp-json\/wp\/v2\/posts\/14340\/revisions\/14342"}],"wp:featuredmedia":[{"embeddable":true,"href":"https:\/\/swietyjerzy.elblag.pl\/index.php\/wp-json\/wp\/v2\/media\/14341"}],"wp:attachment":[{"href":"https:\/\/swietyjerzy.elblag.pl\/index.php\/wp-json\/wp\/v2\/media?parent=14340"}],"wp:term":[{"taxonomy":"category","embeddable":true,"href":"https:\/\/swietyjerzy.elblag.pl\/index.php\/wp-json\/wp\/v2\/categories?post=14340"},{"taxonomy":"post_tag","embeddable":true,"href":"https:\/\/swietyjerzy.elblag.pl\/index.php\/wp-json\/wp\/v2\/tags?post=14340"}],"curies":[{"name":"wp","href":"https:\/\/api.w.org\/{rel}","templated":true}]}}