{"id":14334,"date":"2025-01-24T08:14:20","date_gmt":"2025-01-24T08:14:20","guid":{"rendered":"https:\/\/swietyjerzy.elblag.pl\/?p=14334"},"modified":"2025-01-24T08:14:21","modified_gmt":"2025-01-24T08:14:21","slug":"dlugowieczni","status":"publish","type":"post","link":"https:\/\/swietyjerzy.elblag.pl\/index.php\/2025\/01\/24\/dlugowieczni\/","title":{"rendered":"D\u0141UGOWIECZNI"},"content":{"rendered":"\n<p>Najstarsza odnotowana przez nas parafianka \u015bw. Jerzego to Pani Maria z ul. Obo\u017anej. W lutym sko\u0144czy 102 lata. Jest jeszcze jedna stulatka z ul. Polnej. Najstarszy m\u0119\u017cczyzna jest po 90-tce. Mieszkaj\u0105 z nimi kt\u00f3re\u015b z dzieci. Przeprowadzili si\u0119 do rodzic\u00f3w, by si\u0119 nimi opiekowa\u0107. Z regu\u0142y s\u0105 to c\u00f3rki, kt\u00f3re same s\u0105 ju\u017c po 70-tce. Statystyk 80-latk\u00f3w nie robimy. Jest ich naprawd\u0119 du\u017co. &nbsp;&nbsp;<\/p>\n","protected":false},"excerpt":{"rendered":"<p>Najstarsza odnotowana przez nas parafianka \u015bw. Jerzego to Pani Maria z ul. Obo\u017anej. W lutym sko\u0144czy 102&#8230;<\/p>\n","protected":false},"author":2,"featured_media":14335,"comment_status":"open","ping_status":"open","sticky":false,"template":"","format":"standard","meta":{"_tbt_post_transparent":"","_tbt_post_title":"","_tbt_post_layout":"","_tbt_post_sidebar_id":"","_tbt_post_content_style":"","_tbt_post_vertical_padding":"","_tbt_post_feature":"","_tbt_post_feature_position":"","_tbt_post_header":false,"_tbt_post_footer":false},"categories":[34],"tags":[],"class_list":["post-14334","post","type-post","status-publish","format-standard","has-post-thumbnail","hentry","category-aktualnosci"],"_links":{"self":[{"href":"https:\/\/swietyjerzy.elblag.pl\/index.php\/wp-json\/wp\/v2\/posts\/14334","targetHints":{"allow":["GET"]}}],"collection":[{"href":"https:\/\/swietyjerzy.elblag.pl\/index.php\/wp-json\/wp\/v2\/posts"}],"about":[{"href":"https:\/\/swietyjerzy.elblag.pl\/index.php\/wp-json\/wp\/v2\/types\/post"}],"author":[{"embeddable":true,"href":"https:\/\/swietyjerzy.elblag.pl\/index.php\/wp-json\/wp\/v2\/users\/2"}],"replies":[{"embeddable":true,"href":"https:\/\/swietyjerzy.elblag.pl\/index.php\/wp-json\/wp\/v2\/comments?post=14334"}],"version-history":[{"count":1,"href":"https:\/\/swietyjerzy.elblag.pl\/index.php\/wp-json\/wp\/v2\/posts\/14334\/revisions"}],"predecessor-version":[{"id":14336,"href":"https:\/\/swietyjerzy.elblag.pl\/index.php\/wp-json\/wp\/v2\/posts\/14334\/revisions\/14336"}],"wp:featuredmedia":[{"embeddable":true,"href":"https:\/\/swietyjerzy.elblag.pl\/index.php\/wp-json\/wp\/v2\/media\/14335"}],"wp:attachment":[{"href":"https:\/\/swietyjerzy.elblag.pl\/index.php\/wp-json\/wp\/v2\/media?parent=14334"}],"wp:term":[{"taxonomy":"category","embeddable":true,"href":"https:\/\/swietyjerzy.elblag.pl\/index.php\/wp-json\/wp\/v2\/categories?post=14334"},{"taxonomy":"post_tag","embeddable":true,"href":"https:\/\/swietyjerzy.elblag.pl\/index.php\/wp-json\/wp\/v2\/tags?post=14334"}],"curies":[{"name":"wp","href":"https:\/\/api.w.org\/{rel}","templated":true}]}}