{"id":14325,"date":"2025-01-16T08:09:44","date_gmt":"2025-01-16T08:09:44","guid":{"rendered":"https:\/\/swietyjerzy.elblag.pl\/?p=14325"},"modified":"2025-01-16T08:09:45","modified_gmt":"2025-01-16T08:09:45","slug":"sprawozdanie-materialne","status":"publish","type":"post","link":"https:\/\/swietyjerzy.elblag.pl\/index.php\/2025\/01\/16\/sprawozdanie-materialne\/","title":{"rendered":"SPRAWOZDANIE MATERIALNE"},"content":{"rendered":"\n<p>Zesz\u0142y rok, to nowe \u0142awki w ko\u015bciele. Jest ich 70 z dobrego, jesionowego drewna. Ergonomiczne, eleganckie&nbsp; i minimalistyczne w formie. Stare \u0142awki trafi\u0142y do Olsztyna, do buduj\u0105cej si\u0119 parafii. Za tym posz\u0142a renowacja drzwi zewn\u0119trznych i wewn\u0119trznych drzwi ko\u015bcio\u0142a. Mamy now\u0105, asfaltow\u0105 drog\u0119 do ko\u015bcio\u0142a \u015bw. Jerzego, do klasztor\u00f3w i na plebani\u0119. Naprawili\u015bmy schody do zakrystii, wymienili\u015bmy pop\u0119kane szyby. Jest nowa szopka, ciemnica i gr\u00f3b Pa\u0144ski. Renowacji poddana zosta\u0142a figura Pana Jezusa do grobu. Pojawi\u0142y si\u0119 nowe naczynia liturgiczne i ornaty. Wyremontowali\u015bmy jedn\u0105 z \u0142azienek na plebanii. Stoj\u0105 za tym konkretni ludzie i konkretne wsparcie materialne. A\u017c nie chce si\u0119 wierzy\u0107, \u017ce by\u0142o tego a\u017c tyle! Dzi\u0119kujemy!!!<\/p>\n","protected":false},"excerpt":{"rendered":"<p>Zesz\u0142y rok, to nowe \u0142awki w ko\u015bciele. Jest ich 70 z dobrego, jesionowego drewna. Ergonomiczne, eleganckie&nbsp; i&#8230;<\/p>\n","protected":false},"author":2,"featured_media":14326,"comment_status":"open","ping_status":"open","sticky":false,"template":"","format":"standard","meta":{"_tbt_post_transparent":"","_tbt_post_title":"","_tbt_post_layout":"","_tbt_post_sidebar_id":"","_tbt_post_content_style":"","_tbt_post_vertical_padding":"","_tbt_post_feature":"","_tbt_post_feature_position":"","_tbt_post_header":false,"_tbt_post_footer":false},"categories":[34],"tags":[],"class_list":["post-14325","post","type-post","status-publish","format-standard","has-post-thumbnail","hentry","category-aktualnosci"],"_links":{"self":[{"href":"https:\/\/swietyjerzy.elblag.pl\/index.php\/wp-json\/wp\/v2\/posts\/14325","targetHints":{"allow":["GET"]}}],"collection":[{"href":"https:\/\/swietyjerzy.elblag.pl\/index.php\/wp-json\/wp\/v2\/posts"}],"about":[{"href":"https:\/\/swietyjerzy.elblag.pl\/index.php\/wp-json\/wp\/v2\/types\/post"}],"author":[{"embeddable":true,"href":"https:\/\/swietyjerzy.elblag.pl\/index.php\/wp-json\/wp\/v2\/users\/2"}],"replies":[{"embeddable":true,"href":"https:\/\/swietyjerzy.elblag.pl\/index.php\/wp-json\/wp\/v2\/comments?post=14325"}],"version-history":[{"count":1,"href":"https:\/\/swietyjerzy.elblag.pl\/index.php\/wp-json\/wp\/v2\/posts\/14325\/revisions"}],"predecessor-version":[{"id":14327,"href":"https:\/\/swietyjerzy.elblag.pl\/index.php\/wp-json\/wp\/v2\/posts\/14325\/revisions\/14327"}],"wp:featuredmedia":[{"embeddable":true,"href":"https:\/\/swietyjerzy.elblag.pl\/index.php\/wp-json\/wp\/v2\/media\/14326"}],"wp:attachment":[{"href":"https:\/\/swietyjerzy.elblag.pl\/index.php\/wp-json\/wp\/v2\/media?parent=14325"}],"wp:term":[{"taxonomy":"category","embeddable":true,"href":"https:\/\/swietyjerzy.elblag.pl\/index.php\/wp-json\/wp\/v2\/categories?post=14325"},{"taxonomy":"post_tag","embeddable":true,"href":"https:\/\/swietyjerzy.elblag.pl\/index.php\/wp-json\/wp\/v2\/tags?post=14325"}],"curies":[{"name":"wp","href":"https:\/\/api.w.org\/{rel}","templated":true}]}}