{"id":14322,"date":"2025-01-15T10:31:56","date_gmt":"2025-01-15T10:31:56","guid":{"rendered":"https:\/\/swietyjerzy.elblag.pl\/?p=14322"},"modified":"2025-01-15T10:31:57","modified_gmt":"2025-01-15T10:31:57","slug":"podsumowanie-duszpasterskie","status":"publish","type":"post","link":"https:\/\/swietyjerzy.elblag.pl\/index.php\/2025\/01\/15\/podsumowanie-duszpasterskie\/","title":{"rendered":"PODSUMOWANIE DUSZPASTERSKIE"},"content":{"rendered":"\n<p>Miniony rok, to rado\u015b\u0107 goszczenia relikwii b\u0142. Ulm\u00f3w, rekolekcje Odnowy, piesza pielgrzymka ks. Marcina do Cz\u0119stochowy, wielkopostne inspiracje \u015awi\u0119tych, Maryjny zapach nieba, niedziela misyjna z o. J\u00f3zefem Smyksym z Boliwii. Tradycyjne ju\u017c w parafii: majowe pod krzy\u017cem papieskim, franciszka\u0144skie b\u0142ogos\u0142awie\u0144stwo zwierz\u0105t, 2. listopada ze \u015bwiecami i \u0142\u0105czno\u015bci\u0105 z parafianami, kt\u00f3rzy odeszli. To tak\u017ce nowe banery na murach ko\u015bcio\u0142a. Rekolekcje i odpust. Koncert \u201eElbl\u0105skiego Ch\u00f3ru Kameralnego\u201d.<\/p>\n","protected":false},"excerpt":{"rendered":"<p>Miniony rok, to rado\u015b\u0107 goszczenia relikwii b\u0142. Ulm\u00f3w, rekolekcje Odnowy, piesza pielgrzymka ks. Marcina do Cz\u0119stochowy, wielkopostne&#8230;<\/p>\n","protected":false},"author":2,"featured_media":14323,"comment_status":"open","ping_status":"open","sticky":false,"template":"","format":"standard","meta":{"_tbt_post_transparent":"","_tbt_post_title":"","_tbt_post_layout":"","_tbt_post_sidebar_id":"","_tbt_post_content_style":"","_tbt_post_vertical_padding":"","_tbt_post_feature":"","_tbt_post_feature_position":"","_tbt_post_header":false,"_tbt_post_footer":false},"categories":[34],"tags":[],"class_list":["post-14322","post","type-post","status-publish","format-standard","has-post-thumbnail","hentry","category-aktualnosci"],"_links":{"self":[{"href":"https:\/\/swietyjerzy.elblag.pl\/index.php\/wp-json\/wp\/v2\/posts\/14322","targetHints":{"allow":["GET"]}}],"collection":[{"href":"https:\/\/swietyjerzy.elblag.pl\/index.php\/wp-json\/wp\/v2\/posts"}],"about":[{"href":"https:\/\/swietyjerzy.elblag.pl\/index.php\/wp-json\/wp\/v2\/types\/post"}],"author":[{"embeddable":true,"href":"https:\/\/swietyjerzy.elblag.pl\/index.php\/wp-json\/wp\/v2\/users\/2"}],"replies":[{"embeddable":true,"href":"https:\/\/swietyjerzy.elblag.pl\/index.php\/wp-json\/wp\/v2\/comments?post=14322"}],"version-history":[{"count":1,"href":"https:\/\/swietyjerzy.elblag.pl\/index.php\/wp-json\/wp\/v2\/posts\/14322\/revisions"}],"predecessor-version":[{"id":14324,"href":"https:\/\/swietyjerzy.elblag.pl\/index.php\/wp-json\/wp\/v2\/posts\/14322\/revisions\/14324"}],"wp:featuredmedia":[{"embeddable":true,"href":"https:\/\/swietyjerzy.elblag.pl\/index.php\/wp-json\/wp\/v2\/media\/14323"}],"wp:attachment":[{"href":"https:\/\/swietyjerzy.elblag.pl\/index.php\/wp-json\/wp\/v2\/media?parent=14322"}],"wp:term":[{"taxonomy":"category","embeddable":true,"href":"https:\/\/swietyjerzy.elblag.pl\/index.php\/wp-json\/wp\/v2\/categories?post=14322"},{"taxonomy":"post_tag","embeddable":true,"href":"https:\/\/swietyjerzy.elblag.pl\/index.php\/wp-json\/wp\/v2\/tags?post=14322"}],"curies":[{"name":"wp","href":"https:\/\/api.w.org\/{rel}","templated":true}]}}