{"id":14319,"date":"2025-01-14T14:40:28","date_gmt":"2025-01-14T14:40:28","guid":{"rendered":"https:\/\/swietyjerzy.elblag.pl\/?p=14319"},"modified":"2025-01-14T14:40:29","modified_gmt":"2025-01-14T14:40:29","slug":"rocznicowo-na-parafii","status":"publish","type":"post","link":"https:\/\/swietyjerzy.elblag.pl\/index.php\/2025\/01\/14\/rocznicowo-na-parafii\/","title":{"rendered":"ROCZNICOWO NA PARAFII"},"content":{"rendered":"\n<p>Miniony rok, to rok 50-tej rocznicy powstania naszej parafii. W telewizji i internecie pojawi\u0142y si\u0119 3 kr\u00f3tkie filmy na ten temat. Odszed\u0142 od nas ks. Szymon a przyszed\u0142 ks. Marcin. Ks. Piotr \u015bwi\u0119towa\u0142 10-lecie kap\u0142a\u0144stwa, a ks. Rektor od 20 lat pracuje w naszej wsp\u00f3lnocie. Siostra Dorotea prze\u017cywa\u0142a 90-te urodziny. S. Teresa Wi\u0119cek otrzyma\u0142a papieskie wyr\u00f3\u017cnienie \u201eBenemerenti\u201d. Ks. Janusz Koniec celebrowa\u0142 60-t\u0105 rocznic\u0119 kap\u0142a\u0144stwa.<\/p>\n","protected":false},"excerpt":{"rendered":"<p>Miniony rok, to rok 50-tej rocznicy powstania naszej parafii. W telewizji i internecie pojawi\u0142y si\u0119 3 kr\u00f3tkie&#8230;<\/p>\n","protected":false},"author":2,"featured_media":14320,"comment_status":"open","ping_status":"open","sticky":false,"template":"","format":"standard","meta":{"_tbt_post_transparent":"","_tbt_post_title":"","_tbt_post_layout":"","_tbt_post_sidebar_id":"","_tbt_post_content_style":"","_tbt_post_vertical_padding":"","_tbt_post_feature":"","_tbt_post_feature_position":"","_tbt_post_header":false,"_tbt_post_footer":false},"categories":[34],"tags":[],"class_list":["post-14319","post","type-post","status-publish","format-standard","has-post-thumbnail","hentry","category-aktualnosci"],"_links":{"self":[{"href":"https:\/\/swietyjerzy.elblag.pl\/index.php\/wp-json\/wp\/v2\/posts\/14319","targetHints":{"allow":["GET"]}}],"collection":[{"href":"https:\/\/swietyjerzy.elblag.pl\/index.php\/wp-json\/wp\/v2\/posts"}],"about":[{"href":"https:\/\/swietyjerzy.elblag.pl\/index.php\/wp-json\/wp\/v2\/types\/post"}],"author":[{"embeddable":true,"href":"https:\/\/swietyjerzy.elblag.pl\/index.php\/wp-json\/wp\/v2\/users\/2"}],"replies":[{"embeddable":true,"href":"https:\/\/swietyjerzy.elblag.pl\/index.php\/wp-json\/wp\/v2\/comments?post=14319"}],"version-history":[{"count":1,"href":"https:\/\/swietyjerzy.elblag.pl\/index.php\/wp-json\/wp\/v2\/posts\/14319\/revisions"}],"predecessor-version":[{"id":14321,"href":"https:\/\/swietyjerzy.elblag.pl\/index.php\/wp-json\/wp\/v2\/posts\/14319\/revisions\/14321"}],"wp:featuredmedia":[{"embeddable":true,"href":"https:\/\/swietyjerzy.elblag.pl\/index.php\/wp-json\/wp\/v2\/media\/14320"}],"wp:attachment":[{"href":"https:\/\/swietyjerzy.elblag.pl\/index.php\/wp-json\/wp\/v2\/media?parent=14319"}],"wp:term":[{"taxonomy":"category","embeddable":true,"href":"https:\/\/swietyjerzy.elblag.pl\/index.php\/wp-json\/wp\/v2\/categories?post=14319"},{"taxonomy":"post_tag","embeddable":true,"href":"https:\/\/swietyjerzy.elblag.pl\/index.php\/wp-json\/wp\/v2\/tags?post=14319"}],"curies":[{"name":"wp","href":"https:\/\/api.w.org\/{rel}","templated":true}]}}