{"id":14313,"date":"2025-01-10T13:33:37","date_gmt":"2025-01-10T13:33:37","guid":{"rendered":"https:\/\/swietyjerzy.elblag.pl\/?p=14313"},"modified":"2025-01-10T13:33:38","modified_gmt":"2025-01-10T13:33:38","slug":"tred-chrzcielny","status":"publish","type":"post","link":"https:\/\/swietyjerzy.elblag.pl\/index.php\/2025\/01\/10\/tred-chrzcielny\/","title":{"rendered":"TR\u0118D CHRZCIELNY"},"content":{"rendered":"\n<p>Na 87 chrzt\u00f3w udzielonych w 2024 roku w naszej parafii, a\u017c 21 to chrzty dzieci w wieku jednego roczku lub w okolicach tej daty. Rodzice t\u0142umacz\u0105 to pierwszymi urodzinami dziecka i wsp\u00f3ln\u0105 okazj\u0105 do ma\u0142ej imprezki. Wa\u017cniejszy jest jednak fakt, \u017ce za sob\u0105 mamy ju\u017c te czasy, gdy wyst\u0119powa\u0142a du\u017ca umieralno\u015b\u0107 noworodk\u00f3w i chrzci\u0142o si\u0119 dzieci prawie od razu po urodzeniu. Wszystkim dzieciom i ich rodzicom sk\u0142adamy najserdeczniejsze \u017cyczenia. &nbsp;<\/p>\n","protected":false},"excerpt":{"rendered":"<p>Na 87 chrzt\u00f3w udzielonych w 2024 roku w naszej parafii, a\u017c 21 to chrzty dzieci w wieku&#8230;<\/p>\n","protected":false},"author":2,"featured_media":14314,"comment_status":"open","ping_status":"open","sticky":false,"template":"","format":"standard","meta":{"_tbt_post_transparent":"","_tbt_post_title":"","_tbt_post_layout":"","_tbt_post_sidebar_id":"","_tbt_post_content_style":"","_tbt_post_vertical_padding":"","_tbt_post_feature":"","_tbt_post_feature_position":"","_tbt_post_header":false,"_tbt_post_footer":false},"categories":[34],"tags":[],"class_list":["post-14313","post","type-post","status-publish","format-standard","has-post-thumbnail","hentry","category-aktualnosci"],"_links":{"self":[{"href":"https:\/\/swietyjerzy.elblag.pl\/index.php\/wp-json\/wp\/v2\/posts\/14313","targetHints":{"allow":["GET"]}}],"collection":[{"href":"https:\/\/swietyjerzy.elblag.pl\/index.php\/wp-json\/wp\/v2\/posts"}],"about":[{"href":"https:\/\/swietyjerzy.elblag.pl\/index.php\/wp-json\/wp\/v2\/types\/post"}],"author":[{"embeddable":true,"href":"https:\/\/swietyjerzy.elblag.pl\/index.php\/wp-json\/wp\/v2\/users\/2"}],"replies":[{"embeddable":true,"href":"https:\/\/swietyjerzy.elblag.pl\/index.php\/wp-json\/wp\/v2\/comments?post=14313"}],"version-history":[{"count":1,"href":"https:\/\/swietyjerzy.elblag.pl\/index.php\/wp-json\/wp\/v2\/posts\/14313\/revisions"}],"predecessor-version":[{"id":14315,"href":"https:\/\/swietyjerzy.elblag.pl\/index.php\/wp-json\/wp\/v2\/posts\/14313\/revisions\/14315"}],"wp:featuredmedia":[{"embeddable":true,"href":"https:\/\/swietyjerzy.elblag.pl\/index.php\/wp-json\/wp\/v2\/media\/14314"}],"wp:attachment":[{"href":"https:\/\/swietyjerzy.elblag.pl\/index.php\/wp-json\/wp\/v2\/media?parent=14313"}],"wp:term":[{"taxonomy":"category","embeddable":true,"href":"https:\/\/swietyjerzy.elblag.pl\/index.php\/wp-json\/wp\/v2\/categories?post=14313"},{"taxonomy":"post_tag","embeddable":true,"href":"https:\/\/swietyjerzy.elblag.pl\/index.php\/wp-json\/wp\/v2\/tags?post=14313"}],"curies":[{"name":"wp","href":"https:\/\/api.w.org\/{rel}","templated":true}]}}