{"id":14291,"date":"2024-12-20T11:00:01","date_gmt":"2024-12-20T11:00:01","guid":{"rendered":"https:\/\/swietyjerzy.elblag.pl\/?p=14291"},"modified":"2024-12-20T11:00:02","modified_gmt":"2024-12-20T11:00:02","slug":"przygotowania-pelna-para","status":"publish","type":"post","link":"https:\/\/swietyjerzy.elblag.pl\/index.php\/2024\/12\/20\/przygotowania-pelna-para\/","title":{"rendered":"PRZYGOTOWANIA PE\u0141N\u0104 PAR\u0104"},"content":{"rendered":"\n<p>Ju\u017c wczoraj, w czwartek przygotowali\u015bmy \u015bwiateczne dekoracje naszego ko\u015bcio\u0142a. Jak zawsze s\u0105 choinki, lampki, cynamonowe ciasteczka. Czeka ju\u017c nowa dekoracja przed o\u0142tarzem i w kaplicy Matki Bo\u017cej. Jest te\u017c nowa szopka autorstaw pp. Ryszarda i Mirka. Wszystkim serdecznie dzi\u0119kujemy!<\/p>\n","protected":false},"excerpt":{"rendered":"<p>Ju\u017c wczoraj, w czwartek przygotowali\u015bmy \u015bwiateczne dekoracje naszego ko\u015bcio\u0142a. Jak zawsze s\u0105 choinki, lampki, cynamonowe ciasteczka. Czeka&#8230;<\/p>\n","protected":false},"author":2,"featured_media":14292,"comment_status":"open","ping_status":"open","sticky":false,"template":"","format":"standard","meta":{"_tbt_post_transparent":"","_tbt_post_title":"","_tbt_post_layout":"","_tbt_post_sidebar_id":"","_tbt_post_content_style":"","_tbt_post_vertical_padding":"","_tbt_post_feature":"","_tbt_post_feature_position":"","_tbt_post_header":false,"_tbt_post_footer":false},"categories":[34],"tags":[],"class_list":["post-14291","post","type-post","status-publish","format-standard","has-post-thumbnail","hentry","category-aktualnosci"],"_links":{"self":[{"href":"https:\/\/swietyjerzy.elblag.pl\/index.php\/wp-json\/wp\/v2\/posts\/14291","targetHints":{"allow":["GET"]}}],"collection":[{"href":"https:\/\/swietyjerzy.elblag.pl\/index.php\/wp-json\/wp\/v2\/posts"}],"about":[{"href":"https:\/\/swietyjerzy.elblag.pl\/index.php\/wp-json\/wp\/v2\/types\/post"}],"author":[{"embeddable":true,"href":"https:\/\/swietyjerzy.elblag.pl\/index.php\/wp-json\/wp\/v2\/users\/2"}],"replies":[{"embeddable":true,"href":"https:\/\/swietyjerzy.elblag.pl\/index.php\/wp-json\/wp\/v2\/comments?post=14291"}],"version-history":[{"count":1,"href":"https:\/\/swietyjerzy.elblag.pl\/index.php\/wp-json\/wp\/v2\/posts\/14291\/revisions"}],"predecessor-version":[{"id":14293,"href":"https:\/\/swietyjerzy.elblag.pl\/index.php\/wp-json\/wp\/v2\/posts\/14291\/revisions\/14293"}],"wp:featuredmedia":[{"embeddable":true,"href":"https:\/\/swietyjerzy.elblag.pl\/index.php\/wp-json\/wp\/v2\/media\/14292"}],"wp:attachment":[{"href":"https:\/\/swietyjerzy.elblag.pl\/index.php\/wp-json\/wp\/v2\/media?parent=14291"}],"wp:term":[{"taxonomy":"category","embeddable":true,"href":"https:\/\/swietyjerzy.elblag.pl\/index.php\/wp-json\/wp\/v2\/categories?post=14291"},{"taxonomy":"post_tag","embeddable":true,"href":"https:\/\/swietyjerzy.elblag.pl\/index.php\/wp-json\/wp\/v2\/tags?post=14291"}],"curies":[{"name":"wp","href":"https:\/\/api.w.org\/{rel}","templated":true}]}}