{"id":14280,"date":"2024-11-30T09:21:09","date_gmt":"2024-11-30T09:21:09","guid":{"rendered":"https:\/\/swietyjerzy.elblag.pl\/?p=14280"},"modified":"2024-11-30T09:21:10","modified_gmt":"2024-11-30T09:21:10","slug":"gwiazda","status":"publish","type":"post","link":"https:\/\/swietyjerzy.elblag.pl\/index.php\/2024\/11\/30\/gwiazda\/","title":{"rendered":"GWIAZDA"},"content":{"rendered":"\n<p>Oczywi\u015bcie adwentowa. Nad wej\u015bciem do naszego ko\u015bcio\u0142a. Wskazuje drog\u0119 do Betlejem. Nie tylko Trzem Kr\u00f3lom, ale tak\u017ce ka\u017cdemu z nas. No dobrze, troch\u0119 to na wyrost, bo dekoracja jest ju\u017c typowo bo\u017conarodzeniowa. Skoro jednak, supermarkety, internety i telewizory ukrad\u0142y nam \u015bwi\u0119ta celebruj\u0105c je ju\u017c od ko\u0144ca listopada \u2013 to my chcemy wskaza\u0107, \u017ce \u017ar\u00f3d\u0142em Bo\u017cego Narodzenia jest Pan Jezus. I tyle. A mo\u017ce a\u017c tyle!<\/p>\n","protected":false},"excerpt":{"rendered":"<p>Oczywi\u015bcie adwentowa. Nad wej\u015bciem do naszego ko\u015bcio\u0142a. Wskazuje drog\u0119 do Betlejem. Nie tylko Trzem Kr\u00f3lom, ale tak\u017ce&#8230;<\/p>\n","protected":false},"author":2,"featured_media":14281,"comment_status":"open","ping_status":"open","sticky":false,"template":"","format":"standard","meta":{"_tbt_post_transparent":"","_tbt_post_title":"","_tbt_post_layout":"","_tbt_post_sidebar_id":"","_tbt_post_content_style":"","_tbt_post_vertical_padding":"","_tbt_post_feature":"","_tbt_post_feature_position":"","_tbt_post_header":false,"_tbt_post_footer":false},"categories":[34],"tags":[],"class_list":["post-14280","post","type-post","status-publish","format-standard","has-post-thumbnail","hentry","category-aktualnosci"],"_links":{"self":[{"href":"https:\/\/swietyjerzy.elblag.pl\/index.php\/wp-json\/wp\/v2\/posts\/14280","targetHints":{"allow":["GET"]}}],"collection":[{"href":"https:\/\/swietyjerzy.elblag.pl\/index.php\/wp-json\/wp\/v2\/posts"}],"about":[{"href":"https:\/\/swietyjerzy.elblag.pl\/index.php\/wp-json\/wp\/v2\/types\/post"}],"author":[{"embeddable":true,"href":"https:\/\/swietyjerzy.elblag.pl\/index.php\/wp-json\/wp\/v2\/users\/2"}],"replies":[{"embeddable":true,"href":"https:\/\/swietyjerzy.elblag.pl\/index.php\/wp-json\/wp\/v2\/comments?post=14280"}],"version-history":[{"count":1,"href":"https:\/\/swietyjerzy.elblag.pl\/index.php\/wp-json\/wp\/v2\/posts\/14280\/revisions"}],"predecessor-version":[{"id":14282,"href":"https:\/\/swietyjerzy.elblag.pl\/index.php\/wp-json\/wp\/v2\/posts\/14280\/revisions\/14282"}],"wp:featuredmedia":[{"embeddable":true,"href":"https:\/\/swietyjerzy.elblag.pl\/index.php\/wp-json\/wp\/v2\/media\/14281"}],"wp:attachment":[{"href":"https:\/\/swietyjerzy.elblag.pl\/index.php\/wp-json\/wp\/v2\/media?parent=14280"}],"wp:term":[{"taxonomy":"category","embeddable":true,"href":"https:\/\/swietyjerzy.elblag.pl\/index.php\/wp-json\/wp\/v2\/categories?post=14280"},{"taxonomy":"post_tag","embeddable":true,"href":"https:\/\/swietyjerzy.elblag.pl\/index.php\/wp-json\/wp\/v2\/tags?post=14280"}],"curies":[{"name":"wp","href":"https:\/\/api.w.org\/{rel}","templated":true}]}}