{"id":14277,"date":"2024-11-25T11:30:20","date_gmt":"2024-11-25T11:30:20","guid":{"rendered":"https:\/\/swietyjerzy.elblag.pl\/?p=14277"},"modified":"2024-11-25T11:30:22","modified_gmt":"2024-11-25T11:30:22","slug":"14277","status":"publish","type":"post","link":"https:\/\/swietyjerzy.elblag.pl\/index.php\/2024\/11\/25\/14277\/","title":{"rendered":""},"content":{"rendered":"\n<p>W SZKOLE U KS. MARCINA<\/p>\n\n\n\n<p>AK: Lekcje religii \u2013 w szkole czy przy ko\u015bciele?<\/p>\n\n\n\n<p>MN: W szkole. Zdecydowanie. Jest to wygodne dla wszystkich. Jest wi\u0119ksze oddzia\u0142ywanie nawet na tych, kt\u00f3rzy nie praktykuj\u0105 swojej wiary.<\/p>\n\n\n\n<p>AK: 1 czy 2 godziny tygodniowo?<\/p>\n\n\n\n<p>MN: A to zale\u017cy, w liceum wystarczy\u0142aby jedna godzina, w podstaw\u00f3wce dwie.<\/p>\n\n\n\n<p>AK:&nbsp; Ju\u017c prawie 3 miesi\u0105ce uczenia i?<\/p>\n\n\n\n<p>MN: Ucz\u0119 dzieci klas I-IV. S\u0105 super! Jeszcze na praktykach studenckich uczy\u0142em dzieci i m\u0142odzie\u017c. I gdzie\u015b podsk\u00f3rnie liczy\u0142em na dzieci. S\u0105 pe\u0142ne dobrych ch\u0119ci, spontaniczne i autentyczne, chocia\u017c czasem trudno je ogarn\u0105\u0107.<\/p>\n\n\n\n<p>AK: Frekwencja?<\/p>\n\n\n\n<p>MN: 95%. Na 219 uczni\u00f3w na religi\u0119 nie ucz\u0119szcza 10 os\u00f3b.<\/p>\n\n\n\n<p>AK: Kontakt z gronem pedagogicznym?<\/p>\n\n\n\n<p>MN: Poznajemy si\u0119. Relacje s\u0105 dobre. Min\u0119\u0142o za ma\u0142o czasu by powiedzie\u0107 co\u015b wi\u0119cej.<\/p>\n\n\n\n<p>AK: Dyrekcja?<\/p>\n\n\n\n<p>MN: Super. Jestem nowym, m\u0142odym nauczycielem. Musz\u0119 du\u017co si\u0119 uczy\u0107, szczeg\u00f3lnie spraw metodycznych, organizacyjnych. Jestem wdzi\u0119czny za doznan\u0105 pomoc.<\/p>\n\n\n\n<p>AK: Wkr\u00f3tce pierwsza hospitalizacja i co?<\/p>\n\n\n\n<p>MN: Pierwsza w moim \u017cyciu. Ju\u017c si\u0119 do niej przygotowa\u0142em. Ciekawe na jak\u0105 klas\u0119 trafi\u0119 i co powie potem pani Dyrektor.<\/p>\n\n\n\n<p>AK: Sukcesy?<\/p>\n\n\n\n<p>MN: Serdeczno\u015b\u0107 dzieci. Dobry kontakt z nimi. S\u0105 pierwsi ministranci i \u015bpiewacy w scholii. Nie jest \u0142atwo pracowa\u0107 po dobrej katechetce, jak\u0105 jest pani Sylwia.<\/p>\n\n\n\n<p>AK: Pora\u017cki?<\/p>\n\n\n\n<p>MN: My\u015bla\u0142em, \u017ce szybciej i wi\u0119cej \u2013 tak od razu \u2013 naucz\u0119 dzieci. A cz\u0119sto trzeba poczeka\u0107, obni\u017cy\u0107 si\u0119 do ich poziomu.<\/p>\n\n\n\n<p>AK: Czyli same plusy?<\/p>\n\n\n\n<p>MN: My\u015bl\u0119, \u017ce tak. Jeszcze du\u017co pracy przede mn\u0105. Oby tych plus\u00f3w by\u0142o jeszcze wi\u0119cej.<\/p>\n","protected":false},"excerpt":{"rendered":"<p>W SZKOLE U KS. MARCINA AK: Lekcje religii \u2013 w szkole czy przy ko\u015bciele? MN: W szkole&#8230;.<\/p>\n","protected":false},"author":2,"featured_media":14278,"comment_status":"open","ping_status":"open","sticky":false,"template":"","format":"standard","meta":{"_tbt_post_transparent":"","_tbt_post_title":"","_tbt_post_layout":"","_tbt_post_sidebar_id":"","_tbt_post_content_style":"","_tbt_post_vertical_padding":"","_tbt_post_feature":"","_tbt_post_feature_position":"","_tbt_post_header":false,"_tbt_post_footer":false},"categories":[34],"tags":[],"class_list":["post-14277","post","type-post","status-publish","format-standard","has-post-thumbnail","hentry","category-aktualnosci"],"_links":{"self":[{"href":"https:\/\/swietyjerzy.elblag.pl\/index.php\/wp-json\/wp\/v2\/posts\/14277","targetHints":{"allow":["GET"]}}],"collection":[{"href":"https:\/\/swietyjerzy.elblag.pl\/index.php\/wp-json\/wp\/v2\/posts"}],"about":[{"href":"https:\/\/swietyjerzy.elblag.pl\/index.php\/wp-json\/wp\/v2\/types\/post"}],"author":[{"embeddable":true,"href":"https:\/\/swietyjerzy.elblag.pl\/index.php\/wp-json\/wp\/v2\/users\/2"}],"replies":[{"embeddable":true,"href":"https:\/\/swietyjerzy.elblag.pl\/index.php\/wp-json\/wp\/v2\/comments?post=14277"}],"version-history":[{"count":1,"href":"https:\/\/swietyjerzy.elblag.pl\/index.php\/wp-json\/wp\/v2\/posts\/14277\/revisions"}],"predecessor-version":[{"id":14279,"href":"https:\/\/swietyjerzy.elblag.pl\/index.php\/wp-json\/wp\/v2\/posts\/14277\/revisions\/14279"}],"wp:featuredmedia":[{"embeddable":true,"href":"https:\/\/swietyjerzy.elblag.pl\/index.php\/wp-json\/wp\/v2\/media\/14278"}],"wp:attachment":[{"href":"https:\/\/swietyjerzy.elblag.pl\/index.php\/wp-json\/wp\/v2\/media?parent=14277"}],"wp:term":[{"taxonomy":"category","embeddable":true,"href":"https:\/\/swietyjerzy.elblag.pl\/index.php\/wp-json\/wp\/v2\/categories?post=14277"},{"taxonomy":"post_tag","embeddable":true,"href":"https:\/\/swietyjerzy.elblag.pl\/index.php\/wp-json\/wp\/v2\/tags?post=14277"}],"curies":[{"name":"wp","href":"https:\/\/api.w.org\/{rel}","templated":true}]}}