{"id":14257,"date":"2024-11-07T14:29:38","date_gmt":"2024-11-07T14:29:38","guid":{"rendered":"https:\/\/swietyjerzy.elblag.pl\/?p=14257"},"modified":"2024-11-07T14:29:38","modified_gmt":"2024-11-07T14:29:38","slug":"14257","status":"publish","type":"post","link":"https:\/\/swietyjerzy.elblag.pl\/index.php\/2024\/11\/07\/14257\/","title":{"rendered":""},"content":{"rendered":"\n<p>SPOPIELENIE<\/p>\n\n\n\n<p>Jest \u201eusprawiedliwione\u201d je\u017celi nie neguje si\u0119 w ten spos\u00f3b wiary w zmartwychwstanie duszy i cia\u0142a. Powodem mo\u017ce by\u0107 brak miejsca we wsp\u00f3lnym grobie; niemo\u017cliwo\u015b\u0107 normalnego poch\u00f3wku, bo nie min\u0119\u0142a okre\u015blona ilo\u015b\u0107 lat od ostatniego pogrzebu; wyniszczenie organizmu zmar\u0142ego spowodowane chorob\u0105 lub zrz\u0105dzeniem losu. Oddzielnym powodem jest uszanowanie woli zmar\u0142ego. Dla wierz\u0105cego w\u0105tpliwym argumentem za spopieleniem s\u0105 motywy ekologiczne, sanitarne lub swoistego rodzaju moda. Nie powinno si\u0119 rozsypywa\u0107 lub dzieli\u0107 proch\u00f3w. Przypomnijmy, norm\u0105 katolickiego pogrzebu jest poch\u00f3wek cia\u0142a ludzkiego.&nbsp; &nbsp;&nbsp;&nbsp;&nbsp;<\/p>\n","protected":false},"excerpt":{"rendered":"<p>SPOPIELENIE Jest \u201eusprawiedliwione\u201d je\u017celi nie neguje si\u0119 w ten spos\u00f3b wiary w zmartwychwstanie duszy i cia\u0142a. Powodem&#8230;<\/p>\n","protected":false},"author":2,"featured_media":14258,"comment_status":"open","ping_status":"open","sticky":false,"template":"","format":"standard","meta":{"_tbt_post_transparent":"","_tbt_post_title":"","_tbt_post_layout":"","_tbt_post_sidebar_id":"","_tbt_post_content_style":"","_tbt_post_vertical_padding":"","_tbt_post_feature":"","_tbt_post_feature_position":"","_tbt_post_header":false,"_tbt_post_footer":false},"categories":[34],"tags":[],"class_list":["post-14257","post","type-post","status-publish","format-standard","has-post-thumbnail","hentry","category-aktualnosci"],"_links":{"self":[{"href":"https:\/\/swietyjerzy.elblag.pl\/index.php\/wp-json\/wp\/v2\/posts\/14257","targetHints":{"allow":["GET"]}}],"collection":[{"href":"https:\/\/swietyjerzy.elblag.pl\/index.php\/wp-json\/wp\/v2\/posts"}],"about":[{"href":"https:\/\/swietyjerzy.elblag.pl\/index.php\/wp-json\/wp\/v2\/types\/post"}],"author":[{"embeddable":true,"href":"https:\/\/swietyjerzy.elblag.pl\/index.php\/wp-json\/wp\/v2\/users\/2"}],"replies":[{"embeddable":true,"href":"https:\/\/swietyjerzy.elblag.pl\/index.php\/wp-json\/wp\/v2\/comments?post=14257"}],"version-history":[{"count":1,"href":"https:\/\/swietyjerzy.elblag.pl\/index.php\/wp-json\/wp\/v2\/posts\/14257\/revisions"}],"predecessor-version":[{"id":14259,"href":"https:\/\/swietyjerzy.elblag.pl\/index.php\/wp-json\/wp\/v2\/posts\/14257\/revisions\/14259"}],"wp:featuredmedia":[{"embeddable":true,"href":"https:\/\/swietyjerzy.elblag.pl\/index.php\/wp-json\/wp\/v2\/media\/14258"}],"wp:attachment":[{"href":"https:\/\/swietyjerzy.elblag.pl\/index.php\/wp-json\/wp\/v2\/media?parent=14257"}],"wp:term":[{"taxonomy":"category","embeddable":true,"href":"https:\/\/swietyjerzy.elblag.pl\/index.php\/wp-json\/wp\/v2\/categories?post=14257"},{"taxonomy":"post_tag","embeddable":true,"href":"https:\/\/swietyjerzy.elblag.pl\/index.php\/wp-json\/wp\/v2\/tags?post=14257"}],"curies":[{"name":"wp","href":"https:\/\/api.w.org\/{rel}","templated":true}]}}