{"id":14254,"date":"2024-11-05T09:38:02","date_gmt":"2024-11-05T09:38:02","guid":{"rendered":"https:\/\/swietyjerzy.elblag.pl\/?p=14254"},"modified":"2024-11-05T09:38:03","modified_gmt":"2024-11-05T09:38:03","slug":"14254","status":"publish","type":"post","link":"https:\/\/swietyjerzy.elblag.pl\/index.php\/2024\/11\/05\/14254\/","title":{"rendered":""},"content":{"rendered":"\n<p>WIDOK KT\u00d3RY CIESZY<\/p>\n\n\n\n<p>Kolejka w bibliotecznej poczekalni do kancelarii. I to nie \u017ceby jaka\u015b \u201eustawka\u201d. Oczywi\u015bcie nie jest to cz\u0119sty widok, ale tak by\u0142o naprawd\u0119. W poniedzia\u0142ek popo\u0142udniu, by zg\u0142osi\u0107 swoje dzieci do chrztu. Z u\u015bmiechem szcz\u0119\u015bliwych rodzic\u00f3w! &nbsp;<\/p>\n","protected":false},"excerpt":{"rendered":"<p>WIDOK KT\u00d3RY CIESZY Kolejka w bibliotecznej poczekalni do kancelarii. I to nie \u017ceby jaka\u015b \u201eustawka\u201d. Oczywi\u015bcie nie&#8230;<\/p>\n","protected":false},"author":2,"featured_media":14255,"comment_status":"open","ping_status":"open","sticky":false,"template":"","format":"standard","meta":{"_tbt_post_transparent":"","_tbt_post_title":"","_tbt_post_layout":"","_tbt_post_sidebar_id":"","_tbt_post_content_style":"","_tbt_post_vertical_padding":"","_tbt_post_feature":"","_tbt_post_feature_position":"","_tbt_post_header":false,"_tbt_post_footer":false},"categories":[34],"tags":[],"class_list":["post-14254","post","type-post","status-publish","format-standard","has-post-thumbnail","hentry","category-aktualnosci"],"_links":{"self":[{"href":"https:\/\/swietyjerzy.elblag.pl\/index.php\/wp-json\/wp\/v2\/posts\/14254","targetHints":{"allow":["GET"]}}],"collection":[{"href":"https:\/\/swietyjerzy.elblag.pl\/index.php\/wp-json\/wp\/v2\/posts"}],"about":[{"href":"https:\/\/swietyjerzy.elblag.pl\/index.php\/wp-json\/wp\/v2\/types\/post"}],"author":[{"embeddable":true,"href":"https:\/\/swietyjerzy.elblag.pl\/index.php\/wp-json\/wp\/v2\/users\/2"}],"replies":[{"embeddable":true,"href":"https:\/\/swietyjerzy.elblag.pl\/index.php\/wp-json\/wp\/v2\/comments?post=14254"}],"version-history":[{"count":1,"href":"https:\/\/swietyjerzy.elblag.pl\/index.php\/wp-json\/wp\/v2\/posts\/14254\/revisions"}],"predecessor-version":[{"id":14256,"href":"https:\/\/swietyjerzy.elblag.pl\/index.php\/wp-json\/wp\/v2\/posts\/14254\/revisions\/14256"}],"wp:featuredmedia":[{"embeddable":true,"href":"https:\/\/swietyjerzy.elblag.pl\/index.php\/wp-json\/wp\/v2\/media\/14255"}],"wp:attachment":[{"href":"https:\/\/swietyjerzy.elblag.pl\/index.php\/wp-json\/wp\/v2\/media?parent=14254"}],"wp:term":[{"taxonomy":"category","embeddable":true,"href":"https:\/\/swietyjerzy.elblag.pl\/index.php\/wp-json\/wp\/v2\/categories?post=14254"},{"taxonomy":"post_tag","embeddable":true,"href":"https:\/\/swietyjerzy.elblag.pl\/index.php\/wp-json\/wp\/v2\/tags?post=14254"}],"curies":[{"name":"wp","href":"https:\/\/api.w.org\/{rel}","templated":true}]}}