{"id":14247,"date":"2024-10-29T11:08:32","date_gmt":"2024-10-29T11:08:32","guid":{"rendered":"https:\/\/swietyjerzy.elblag.pl\/?p=14247"},"modified":"2024-10-29T11:08:32","modified_gmt":"2024-10-29T11:08:32","slug":"14247","status":"publish","type":"post","link":"https:\/\/swietyjerzy.elblag.pl\/index.php\/2024\/10\/29\/14247\/","title":{"rendered":""},"content":{"rendered":"\n<p>WSZYSTKO GOTOWE<\/p>\n\n\n\n<p>Na Wszystkich \u015awi\u0119tych i Zaduszki wszystko jest ju\u017c gotowe. Gdzie? W naszym ko\u015bciele. Modlitwa, spowied\u017a, komunia, odpust za zmar\u0142ych, zapalona \u015bwieczka przy paschale. Zapraszamy, szczeg\u00f3lnie w sobot\u0119. O godz. 18.00 b\u0119dziemy si\u0119 modli\u0107 za naszch parafian, kt\u00f3rzy odeszli od nas w ostatnim roku. &nbsp;<\/p>\n","protected":false},"excerpt":{"rendered":"<p>WSZYSTKO GOTOWE Na Wszystkich \u015awi\u0119tych i Zaduszki wszystko jest ju\u017c gotowe. Gdzie? W naszym ko\u015bciele. Modlitwa, spowied\u017a,&#8230;<\/p>\n","protected":false},"author":2,"featured_media":14248,"comment_status":"open","ping_status":"open","sticky":false,"template":"","format":"standard","meta":{"_tbt_post_transparent":"","_tbt_post_title":"","_tbt_post_layout":"","_tbt_post_sidebar_id":"","_tbt_post_content_style":"","_tbt_post_vertical_padding":"","_tbt_post_feature":"","_tbt_post_feature_position":"","_tbt_post_header":false,"_tbt_post_footer":false},"categories":[34],"tags":[],"class_list":["post-14247","post","type-post","status-publish","format-standard","has-post-thumbnail","hentry","category-aktualnosci"],"_links":{"self":[{"href":"https:\/\/swietyjerzy.elblag.pl\/index.php\/wp-json\/wp\/v2\/posts\/14247","targetHints":{"allow":["GET"]}}],"collection":[{"href":"https:\/\/swietyjerzy.elblag.pl\/index.php\/wp-json\/wp\/v2\/posts"}],"about":[{"href":"https:\/\/swietyjerzy.elblag.pl\/index.php\/wp-json\/wp\/v2\/types\/post"}],"author":[{"embeddable":true,"href":"https:\/\/swietyjerzy.elblag.pl\/index.php\/wp-json\/wp\/v2\/users\/2"}],"replies":[{"embeddable":true,"href":"https:\/\/swietyjerzy.elblag.pl\/index.php\/wp-json\/wp\/v2\/comments?post=14247"}],"version-history":[{"count":1,"href":"https:\/\/swietyjerzy.elblag.pl\/index.php\/wp-json\/wp\/v2\/posts\/14247\/revisions"}],"predecessor-version":[{"id":14249,"href":"https:\/\/swietyjerzy.elblag.pl\/index.php\/wp-json\/wp\/v2\/posts\/14247\/revisions\/14249"}],"wp:featuredmedia":[{"embeddable":true,"href":"https:\/\/swietyjerzy.elblag.pl\/index.php\/wp-json\/wp\/v2\/media\/14248"}],"wp:attachment":[{"href":"https:\/\/swietyjerzy.elblag.pl\/index.php\/wp-json\/wp\/v2\/media?parent=14247"}],"wp:term":[{"taxonomy":"category","embeddable":true,"href":"https:\/\/swietyjerzy.elblag.pl\/index.php\/wp-json\/wp\/v2\/categories?post=14247"},{"taxonomy":"post_tag","embeddable":true,"href":"https:\/\/swietyjerzy.elblag.pl\/index.php\/wp-json\/wp\/v2\/tags?post=14247"}],"curies":[{"name":"wp","href":"https:\/\/api.w.org\/{rel}","templated":true}]}}