{"id":14244,"date":"2024-10-28T07:12:43","date_gmt":"2024-10-28T07:12:43","guid":{"rendered":"https:\/\/swietyjerzy.elblag.pl\/?p=14244"},"modified":"2024-10-28T07:12:44","modified_gmt":"2024-10-28T07:12:44","slug":"14244","status":"publish","type":"post","link":"https:\/\/swietyjerzy.elblag.pl\/index.php\/2024\/10\/28\/14244\/","title":{"rendered":""},"content":{"rendered":"\n<p>TWARDA RZECZYWISTO\u015a\u0106<\/p>\n\n\n\n<p>Miejsce \u2013 \u015bw. Jerzy w Elbl\u0105gu. Dotyczy \u2013 chrzt\u00f3w w 2024 roku. Ile \u2013 78 dzieci. Problem &#8211; 29 dzieci urodzonych w zwi\u0105zkach sakramentalnych; 11 w zwi\u0105zkach cywilnych; 38 \u2013 to samotne matki lub zwi\u0105zki nieformalne. Przyczyny \u2013 brak potrzeby legalizacji prawnej, strach przed instytucjonalizowaniem zwi\u0105zku, brak pieni\u0119dzy na wesele, utrata przywilej\u00f3w socjalnych\u2026 Wniosek\/ wniosk\u00f3w &nbsp;\u2013 &nbsp;mn\u00f3stwo. Zach\u0119camy do dyskusji. &nbsp;Bogu niech b\u0119d\u0105 dzi\u0119ki za ka\u017cde pocz\u0119te, urodzone, kochane i ochrzczone dziecko.<\/p>\n","protected":false},"excerpt":{"rendered":"<p>TWARDA RZECZYWISTO\u015a\u0106 Miejsce \u2013 \u015bw. Jerzy w Elbl\u0105gu. Dotyczy \u2013 chrzt\u00f3w w 2024 roku. Ile \u2013 78&#8230;<\/p>\n","protected":false},"author":2,"featured_media":14245,"comment_status":"open","ping_status":"open","sticky":false,"template":"","format":"standard","meta":{"_tbt_post_transparent":"","_tbt_post_title":"","_tbt_post_layout":"","_tbt_post_sidebar_id":"","_tbt_post_content_style":"","_tbt_post_vertical_padding":"","_tbt_post_feature":"","_tbt_post_feature_position":"","_tbt_post_header":false,"_tbt_post_footer":false},"categories":[34],"tags":[],"class_list":["post-14244","post","type-post","status-publish","format-standard","has-post-thumbnail","hentry","category-aktualnosci"],"_links":{"self":[{"href":"https:\/\/swietyjerzy.elblag.pl\/index.php\/wp-json\/wp\/v2\/posts\/14244","targetHints":{"allow":["GET"]}}],"collection":[{"href":"https:\/\/swietyjerzy.elblag.pl\/index.php\/wp-json\/wp\/v2\/posts"}],"about":[{"href":"https:\/\/swietyjerzy.elblag.pl\/index.php\/wp-json\/wp\/v2\/types\/post"}],"author":[{"embeddable":true,"href":"https:\/\/swietyjerzy.elblag.pl\/index.php\/wp-json\/wp\/v2\/users\/2"}],"replies":[{"embeddable":true,"href":"https:\/\/swietyjerzy.elblag.pl\/index.php\/wp-json\/wp\/v2\/comments?post=14244"}],"version-history":[{"count":1,"href":"https:\/\/swietyjerzy.elblag.pl\/index.php\/wp-json\/wp\/v2\/posts\/14244\/revisions"}],"predecessor-version":[{"id":14246,"href":"https:\/\/swietyjerzy.elblag.pl\/index.php\/wp-json\/wp\/v2\/posts\/14244\/revisions\/14246"}],"wp:featuredmedia":[{"embeddable":true,"href":"https:\/\/swietyjerzy.elblag.pl\/index.php\/wp-json\/wp\/v2\/media\/14245"}],"wp:attachment":[{"href":"https:\/\/swietyjerzy.elblag.pl\/index.php\/wp-json\/wp\/v2\/media?parent=14244"}],"wp:term":[{"taxonomy":"category","embeddable":true,"href":"https:\/\/swietyjerzy.elblag.pl\/index.php\/wp-json\/wp\/v2\/categories?post=14244"},{"taxonomy":"post_tag","embeddable":true,"href":"https:\/\/swietyjerzy.elblag.pl\/index.php\/wp-json\/wp\/v2\/tags?post=14244"}],"curies":[{"name":"wp","href":"https:\/\/api.w.org\/{rel}","templated":true}]}}