{"id":14234,"date":"2024-10-23T13:31:22","date_gmt":"2024-10-23T13:31:22","guid":{"rendered":"https:\/\/swietyjerzy.elblag.pl\/?p=14234"},"modified":"2024-10-23T13:31:23","modified_gmt":"2024-10-23T13:31:23","slug":"14234","status":"publish","type":"post","link":"https:\/\/swietyjerzy.elblag.pl\/index.php\/2024\/10\/23\/14234\/","title":{"rendered":""},"content":{"rendered":"\n<p>NA PUDLE<\/p>\n\n\n\n<p>W\u015br\u00f3d 16 szk\u00f3\u0142 podstawowych Elbl\u0105ga ( nie licz\u0105c szko\u0142y muzycznej i dw\u00f3ch szk\u00f3\u0142 katolickich), le\u017c\u0105ca na terenie naszej parafii Szko\u0142a Podstawowa nr 4 jest w czo\u0142\u00f3wce szk\u00f3\u0142, gdzie najwi\u0119cej dzieci chodzi na lekcj\u0119 religii. Jest to 84,51% wszystkich uczni\u00f3w. Kt\u00f3re to daje miejsce? Drugie, zaraz po SP 15. Du\u017ca to zas\u0142uga katechet\u00f3w: paniom Sylwii i Beacie oraz ksi\u0119\u017com Marcinowi i Adamowi. No i oczywi\u015bcie \u017cyczliwej i harmonijnej wsp\u00f3\u0142pracy dyrekcji i ca\u0142ego grona nauczycielskiego. Dzi\u0119kujemy!<\/p>\n","protected":false},"excerpt":{"rendered":"<p>NA PUDLE W\u015br\u00f3d 16 szk\u00f3\u0142 podstawowych Elbl\u0105ga ( nie licz\u0105c szko\u0142y muzycznej i dw\u00f3ch szk\u00f3\u0142 katolickich), le\u017c\u0105ca&#8230;<\/p>\n","protected":false},"author":2,"featured_media":14235,"comment_status":"open","ping_status":"open","sticky":false,"template":"","format":"standard","meta":{"_tbt_post_transparent":"","_tbt_post_title":"","_tbt_post_layout":"","_tbt_post_sidebar_id":"","_tbt_post_content_style":"","_tbt_post_vertical_padding":"","_tbt_post_feature":"","_tbt_post_feature_position":"","_tbt_post_header":false,"_tbt_post_footer":false},"categories":[34],"tags":[],"class_list":["post-14234","post","type-post","status-publish","format-standard","has-post-thumbnail","hentry","category-aktualnosci"],"_links":{"self":[{"href":"https:\/\/swietyjerzy.elblag.pl\/index.php\/wp-json\/wp\/v2\/posts\/14234","targetHints":{"allow":["GET"]}}],"collection":[{"href":"https:\/\/swietyjerzy.elblag.pl\/index.php\/wp-json\/wp\/v2\/posts"}],"about":[{"href":"https:\/\/swietyjerzy.elblag.pl\/index.php\/wp-json\/wp\/v2\/types\/post"}],"author":[{"embeddable":true,"href":"https:\/\/swietyjerzy.elblag.pl\/index.php\/wp-json\/wp\/v2\/users\/2"}],"replies":[{"embeddable":true,"href":"https:\/\/swietyjerzy.elblag.pl\/index.php\/wp-json\/wp\/v2\/comments?post=14234"}],"version-history":[{"count":1,"href":"https:\/\/swietyjerzy.elblag.pl\/index.php\/wp-json\/wp\/v2\/posts\/14234\/revisions"}],"predecessor-version":[{"id":14236,"href":"https:\/\/swietyjerzy.elblag.pl\/index.php\/wp-json\/wp\/v2\/posts\/14234\/revisions\/14236"}],"wp:featuredmedia":[{"embeddable":true,"href":"https:\/\/swietyjerzy.elblag.pl\/index.php\/wp-json\/wp\/v2\/media\/14235"}],"wp:attachment":[{"href":"https:\/\/swietyjerzy.elblag.pl\/index.php\/wp-json\/wp\/v2\/media?parent=14234"}],"wp:term":[{"taxonomy":"category","embeddable":true,"href":"https:\/\/swietyjerzy.elblag.pl\/index.php\/wp-json\/wp\/v2\/categories?post=14234"},{"taxonomy":"post_tag","embeddable":true,"href":"https:\/\/swietyjerzy.elblag.pl\/index.php\/wp-json\/wp\/v2\/tags?post=14234"}],"curies":[{"name":"wp","href":"https:\/\/api.w.org\/{rel}","templated":true}]}}