{"id":14228,"date":"2024-10-17T09:03:22","date_gmt":"2024-10-17T09:03:22","guid":{"rendered":"https:\/\/swietyjerzy.elblag.pl\/?p=14228"},"modified":"2024-10-17T09:03:23","modified_gmt":"2024-10-17T09:03:23","slug":"14228","status":"publish","type":"post","link":"https:\/\/swietyjerzy.elblag.pl\/index.php\/2024\/10\/17\/14228\/","title":{"rendered":""},"content":{"rendered":"\n<p>GRZECH DAWIDA<\/p>\n\n\n\n<p>Pope\u0142nili\u015bmy go w ostatni\u0105 niedziel\u0119. Policzyli\u015bmy \u2013 w miar\u0119 dok\u0142adnie \u2013 ilu nas by\u0142o na niedzielnych Maszach \u015bw. Kr\u00f3la Dawida za liczenie narodu wybranego spotka\u0142y 3 dni zarazy. Czy nas za to co\u015b spotka? Ufam, \u017ce nie. Przeciwnie, zmobilizuje do jeszcze lepszej pracy duszpasterskiej. Acha, a jaka to by\u0142a ilo\u015b\u0107 tych wiernych w ko\u015bciele? 1079. Czy to du\u017co czy ma\u0142o? Nie mi ocenia\u0107. Za ka\u017cdego, kt\u00f3ry w niedziel\u0119 by\u0142 w naszej \u015bwi\u0105tyni dzi\u0119kuj\u0119! &nbsp;<\/p>\n","protected":false},"excerpt":{"rendered":"<p>GRZECH DAWIDA Pope\u0142nili\u015bmy go w ostatni\u0105 niedziel\u0119. Policzyli\u015bmy \u2013 w miar\u0119 dok\u0142adnie \u2013 ilu nas by\u0142o na&#8230;<\/p>\n","protected":false},"author":2,"featured_media":14229,"comment_status":"open","ping_status":"open","sticky":false,"template":"","format":"standard","meta":{"_tbt_post_transparent":"","_tbt_post_title":"","_tbt_post_layout":"","_tbt_post_sidebar_id":"","_tbt_post_content_style":"","_tbt_post_vertical_padding":"","_tbt_post_feature":"","_tbt_post_feature_position":"","_tbt_post_header":false,"_tbt_post_footer":false},"categories":[34],"tags":[],"class_list":["post-14228","post","type-post","status-publish","format-standard","has-post-thumbnail","hentry","category-aktualnosci"],"_links":{"self":[{"href":"https:\/\/swietyjerzy.elblag.pl\/index.php\/wp-json\/wp\/v2\/posts\/14228","targetHints":{"allow":["GET"]}}],"collection":[{"href":"https:\/\/swietyjerzy.elblag.pl\/index.php\/wp-json\/wp\/v2\/posts"}],"about":[{"href":"https:\/\/swietyjerzy.elblag.pl\/index.php\/wp-json\/wp\/v2\/types\/post"}],"author":[{"embeddable":true,"href":"https:\/\/swietyjerzy.elblag.pl\/index.php\/wp-json\/wp\/v2\/users\/2"}],"replies":[{"embeddable":true,"href":"https:\/\/swietyjerzy.elblag.pl\/index.php\/wp-json\/wp\/v2\/comments?post=14228"}],"version-history":[{"count":1,"href":"https:\/\/swietyjerzy.elblag.pl\/index.php\/wp-json\/wp\/v2\/posts\/14228\/revisions"}],"predecessor-version":[{"id":14230,"href":"https:\/\/swietyjerzy.elblag.pl\/index.php\/wp-json\/wp\/v2\/posts\/14228\/revisions\/14230"}],"wp:featuredmedia":[{"embeddable":true,"href":"https:\/\/swietyjerzy.elblag.pl\/index.php\/wp-json\/wp\/v2\/media\/14229"}],"wp:attachment":[{"href":"https:\/\/swietyjerzy.elblag.pl\/index.php\/wp-json\/wp\/v2\/media?parent=14228"}],"wp:term":[{"taxonomy":"category","embeddable":true,"href":"https:\/\/swietyjerzy.elblag.pl\/index.php\/wp-json\/wp\/v2\/categories?post=14228"},{"taxonomy":"post_tag","embeddable":true,"href":"https:\/\/swietyjerzy.elblag.pl\/index.php\/wp-json\/wp\/v2\/tags?post=14228"}],"curies":[{"name":"wp","href":"https:\/\/api.w.org\/{rel}","templated":true}]}}