{"id":14214,"date":"2024-10-03T06:04:42","date_gmt":"2024-10-03T06:04:42","guid":{"rendered":"https:\/\/swietyjerzy.elblag.pl\/?p=14214"},"modified":"2024-10-03T06:04:42","modified_gmt":"2024-10-03T06:04:42","slug":"14214","status":"publish","type":"post","link":"https:\/\/swietyjerzy.elblag.pl\/index.php\/2024\/10\/03\/14214\/","title":{"rendered":""},"content":{"rendered":"\n<p>ZWIERZ\u0118CY FRANCISZEK<\/p>\n\n\n\n<p>W pi\u0105tek o godz. 17.30 b\u0142ogos\u0142awi\u0107 b\u0119dziemy zwierz\u0119ta, kt\u00f3re \u017cyj\u0105 razem z nami pod jednym dachem. S\u0105 to Bo\u017ce stworzenia powierzone naszej trosce. W tw\u00f3rczy spos\u00f3b towarzysz\u0105 naszej codzienno\u015bci. Modlitwa i b\u0142ogos\u0142awie\u0144stwo b\u0119d\u0105 na placu przed ko\u015bcio\u0142em. W\u0142a\u015bciciele zwierzak\u00f3w otrzymaj\u0105 certyfikat b\u0142ogos\u0142awie\u0144stwa z obrazkiem \u015bw. Franciszka. Zapraszamy!<\/p>\n","protected":false},"excerpt":{"rendered":"<p>ZWIERZ\u0118CY FRANCISZEK W pi\u0105tek o godz. 17.30 b\u0142ogos\u0142awi\u0107 b\u0119dziemy zwierz\u0119ta, kt\u00f3re \u017cyj\u0105 razem z nami pod jednym&#8230;<\/p>\n","protected":false},"author":2,"featured_media":14215,"comment_status":"open","ping_status":"open","sticky":false,"template":"","format":"standard","meta":{"_tbt_post_transparent":"","_tbt_post_title":"","_tbt_post_layout":"","_tbt_post_sidebar_id":"","_tbt_post_content_style":"","_tbt_post_vertical_padding":"","_tbt_post_feature":"","_tbt_post_feature_position":"","_tbt_post_header":false,"_tbt_post_footer":false},"categories":[34],"tags":[],"class_list":["post-14214","post","type-post","status-publish","format-standard","has-post-thumbnail","hentry","category-aktualnosci"],"_links":{"self":[{"href":"https:\/\/swietyjerzy.elblag.pl\/index.php\/wp-json\/wp\/v2\/posts\/14214","targetHints":{"allow":["GET"]}}],"collection":[{"href":"https:\/\/swietyjerzy.elblag.pl\/index.php\/wp-json\/wp\/v2\/posts"}],"about":[{"href":"https:\/\/swietyjerzy.elblag.pl\/index.php\/wp-json\/wp\/v2\/types\/post"}],"author":[{"embeddable":true,"href":"https:\/\/swietyjerzy.elblag.pl\/index.php\/wp-json\/wp\/v2\/users\/2"}],"replies":[{"embeddable":true,"href":"https:\/\/swietyjerzy.elblag.pl\/index.php\/wp-json\/wp\/v2\/comments?post=14214"}],"version-history":[{"count":1,"href":"https:\/\/swietyjerzy.elblag.pl\/index.php\/wp-json\/wp\/v2\/posts\/14214\/revisions"}],"predecessor-version":[{"id":14216,"href":"https:\/\/swietyjerzy.elblag.pl\/index.php\/wp-json\/wp\/v2\/posts\/14214\/revisions\/14216"}],"wp:featuredmedia":[{"embeddable":true,"href":"https:\/\/swietyjerzy.elblag.pl\/index.php\/wp-json\/wp\/v2\/media\/14215"}],"wp:attachment":[{"href":"https:\/\/swietyjerzy.elblag.pl\/index.php\/wp-json\/wp\/v2\/media?parent=14214"}],"wp:term":[{"taxonomy":"category","embeddable":true,"href":"https:\/\/swietyjerzy.elblag.pl\/index.php\/wp-json\/wp\/v2\/categories?post=14214"},{"taxonomy":"post_tag","embeddable":true,"href":"https:\/\/swietyjerzy.elblag.pl\/index.php\/wp-json\/wp\/v2\/tags?post=14214"}],"curies":[{"name":"wp","href":"https:\/\/api.w.org\/{rel}","templated":true}]}}