{"id":14211,"date":"2024-10-01T07:31:35","date_gmt":"2024-10-01T07:31:35","guid":{"rendered":"https:\/\/swietyjerzy.elblag.pl\/?p=14211"},"modified":"2024-10-01T07:31:36","modified_gmt":"2024-10-01T07:31:36","slug":"14211","status":"publish","type":"post","link":"https:\/\/swietyjerzy.elblag.pl\/index.php\/2024\/10\/01\/14211\/","title":{"rendered":""},"content":{"rendered":"\n<p>DOBRZE ZAS\u0141U\u017bONEMU<\/p>\n\n\n\n<p>Papieskie odznaczenie \u201eBenemerenti\u201d, czyli dobrze zas\u0142u\u017conemu otrzyma\u0142a siostra Teresa Wi\u0119cek. Siostra Teresa jest prze\u0142o\u017con\u0105 domu Si\u00f3str Franciszkanek RM i dyrektorem tutejszego DPS-u. Medal ustanowi\u0142 w 1832 papie\u017c Grzegorz XVI. Gratulujemy!<\/p>\n","protected":false},"excerpt":{"rendered":"<p>DOBRZE ZAS\u0141U\u017bONEMU Papieskie odznaczenie \u201eBenemerenti\u201d, czyli dobrze zas\u0142u\u017conemu otrzyma\u0142a siostra Teresa Wi\u0119cek. Siostra Teresa jest prze\u0142o\u017con\u0105 domu&#8230;<\/p>\n","protected":false},"author":2,"featured_media":14212,"comment_status":"open","ping_status":"open","sticky":false,"template":"","format":"standard","meta":{"_tbt_post_transparent":"","_tbt_post_title":"","_tbt_post_layout":"","_tbt_post_sidebar_id":"","_tbt_post_content_style":"","_tbt_post_vertical_padding":"","_tbt_post_feature":"","_tbt_post_feature_position":"","_tbt_post_header":false,"_tbt_post_footer":false},"categories":[34],"tags":[],"class_list":["post-14211","post","type-post","status-publish","format-standard","has-post-thumbnail","hentry","category-aktualnosci"],"_links":{"self":[{"href":"https:\/\/swietyjerzy.elblag.pl\/index.php\/wp-json\/wp\/v2\/posts\/14211","targetHints":{"allow":["GET"]}}],"collection":[{"href":"https:\/\/swietyjerzy.elblag.pl\/index.php\/wp-json\/wp\/v2\/posts"}],"about":[{"href":"https:\/\/swietyjerzy.elblag.pl\/index.php\/wp-json\/wp\/v2\/types\/post"}],"author":[{"embeddable":true,"href":"https:\/\/swietyjerzy.elblag.pl\/index.php\/wp-json\/wp\/v2\/users\/2"}],"replies":[{"embeddable":true,"href":"https:\/\/swietyjerzy.elblag.pl\/index.php\/wp-json\/wp\/v2\/comments?post=14211"}],"version-history":[{"count":1,"href":"https:\/\/swietyjerzy.elblag.pl\/index.php\/wp-json\/wp\/v2\/posts\/14211\/revisions"}],"predecessor-version":[{"id":14213,"href":"https:\/\/swietyjerzy.elblag.pl\/index.php\/wp-json\/wp\/v2\/posts\/14211\/revisions\/14213"}],"wp:featuredmedia":[{"embeddable":true,"href":"https:\/\/swietyjerzy.elblag.pl\/index.php\/wp-json\/wp\/v2\/media\/14212"}],"wp:attachment":[{"href":"https:\/\/swietyjerzy.elblag.pl\/index.php\/wp-json\/wp\/v2\/media?parent=14211"}],"wp:term":[{"taxonomy":"category","embeddable":true,"href":"https:\/\/swietyjerzy.elblag.pl\/index.php\/wp-json\/wp\/v2\/categories?post=14211"},{"taxonomy":"post_tag","embeddable":true,"href":"https:\/\/swietyjerzy.elblag.pl\/index.php\/wp-json\/wp\/v2\/tags?post=14211"}],"curies":[{"name":"wp","href":"https:\/\/api.w.org\/{rel}","templated":true}]}}