{"id":14208,"date":"2024-09-30T12:43:04","date_gmt":"2024-09-30T12:43:04","guid":{"rendered":"https:\/\/swietyjerzy.elblag.pl\/?p=14208"},"modified":"2024-09-30T12:43:05","modified_gmt":"2024-09-30T12:43:05","slug":"14208","status":"publish","type":"post","link":"https:\/\/swietyjerzy.elblag.pl\/index.php\/2024\/09\/30\/14208\/","title":{"rendered":""},"content":{"rendered":"\n<p>S\u0104 TE\u017b I TAKIE DANE<\/p>\n\n\n\n<p>Dziewi\u0119\u0107dziesi\u0105t sze\u015b\u0107. 96% uczni\u00f3w chodzi na lekcje religii. Gdzie? Szko\u0142a Podstawowa nr 4 w Elbl\u0105gu. A konkretnie uczniowie klas I-IV. Jak to skomentowa\u0107? Dlaczego to wszystko zmienia si\u0119 gdy dzieciaki staj\u0105 si\u0119 m\u0142odzie\u017c\u0105? Prosz\u0119 mi wierzy\u0107 liczbami mo\u017cna \u017conglowa\u0107 w jedn\u0105 lub drug\u0105 stron\u0119. Najwa\u017cniejsze jest by szuka\u0107 dobra, a wiara w Boga na pewno przemienia cz\u0142owieka na lepsze. Nawet, ba tym bardziej w szkole! &nbsp;&nbsp;<\/p>\n","protected":false},"excerpt":{"rendered":"<p>S\u0104 TE\u017b I TAKIE DANE Dziewi\u0119\u0107dziesi\u0105t sze\u015b\u0107. 96% uczni\u00f3w chodzi na lekcje religii. Gdzie? Szko\u0142a Podstawowa nr&#8230;<\/p>\n","protected":false},"author":2,"featured_media":14209,"comment_status":"open","ping_status":"open","sticky":false,"template":"","format":"standard","meta":{"_tbt_post_transparent":"","_tbt_post_title":"","_tbt_post_layout":"","_tbt_post_sidebar_id":"","_tbt_post_content_style":"","_tbt_post_vertical_padding":"","_tbt_post_feature":"","_tbt_post_feature_position":"","_tbt_post_header":false,"_tbt_post_footer":false},"categories":[34],"tags":[],"class_list":["post-14208","post","type-post","status-publish","format-standard","has-post-thumbnail","hentry","category-aktualnosci"],"_links":{"self":[{"href":"https:\/\/swietyjerzy.elblag.pl\/index.php\/wp-json\/wp\/v2\/posts\/14208","targetHints":{"allow":["GET"]}}],"collection":[{"href":"https:\/\/swietyjerzy.elblag.pl\/index.php\/wp-json\/wp\/v2\/posts"}],"about":[{"href":"https:\/\/swietyjerzy.elblag.pl\/index.php\/wp-json\/wp\/v2\/types\/post"}],"author":[{"embeddable":true,"href":"https:\/\/swietyjerzy.elblag.pl\/index.php\/wp-json\/wp\/v2\/users\/2"}],"replies":[{"embeddable":true,"href":"https:\/\/swietyjerzy.elblag.pl\/index.php\/wp-json\/wp\/v2\/comments?post=14208"}],"version-history":[{"count":1,"href":"https:\/\/swietyjerzy.elblag.pl\/index.php\/wp-json\/wp\/v2\/posts\/14208\/revisions"}],"predecessor-version":[{"id":14210,"href":"https:\/\/swietyjerzy.elblag.pl\/index.php\/wp-json\/wp\/v2\/posts\/14208\/revisions\/14210"}],"wp:featuredmedia":[{"embeddable":true,"href":"https:\/\/swietyjerzy.elblag.pl\/index.php\/wp-json\/wp\/v2\/media\/14209"}],"wp:attachment":[{"href":"https:\/\/swietyjerzy.elblag.pl\/index.php\/wp-json\/wp\/v2\/media?parent=14208"}],"wp:term":[{"taxonomy":"category","embeddable":true,"href":"https:\/\/swietyjerzy.elblag.pl\/index.php\/wp-json\/wp\/v2\/categories?post=14208"},{"taxonomy":"post_tag","embeddable":true,"href":"https:\/\/swietyjerzy.elblag.pl\/index.php\/wp-json\/wp\/v2\/tags?post=14208"}],"curies":[{"name":"wp","href":"https:\/\/api.w.org\/{rel}","templated":true}]}}