{"id":14202,"date":"2024-09-26T12:29:21","date_gmt":"2024-09-26T12:29:21","guid":{"rendered":"https:\/\/swietyjerzy.elblag.pl\/?p=14202"},"modified":"2024-09-26T12:29:22","modified_gmt":"2024-09-26T12:29:22","slug":"studia","status":"publish","type":"post","link":"https:\/\/swietyjerzy.elblag.pl\/index.php\/2024\/09\/26\/studia\/","title":{"rendered":"STUDIA"},"content":{"rendered":"\n<p>AK: Zadowolony?<\/p>\n\n\n\n<p>Ks. Szymon \u017bugaj: Nawet wi\u0119cej ni\u017c zadowolony.<\/p>\n\n\n\n<p>AK: \u017be ju\u017c nie u Jerzego w Elbl\u0105gu?<\/p>\n\n\n\n<p>SZ: Ale\u017c sk\u0105d. Tu chodzi o studia, mo\u017cliwo\u015b\u0107 rozwoju tak\u017ce intelektualnego.<\/p>\n\n\n\n<p>AK: A jak to by\u0142o?<\/p>\n\n\n\n<p>SZ: Zadzwoni\u0142 do mnie ks. biskup i zaprosi\u0142 na spotkanie. Potem zaproponowa\u0142 studia i da\u0142 czas do namys\u0142u. Mo\u017ce zabrzmi to pompatycznie ale traktuj\u0119 to jako wol\u0119 Bo\u017c\u0105.<\/p>\n\n\n\n<p>AK: Co to za studia?<\/p>\n\n\n\n<p>SZ: Filozofia, w Warszawie na UKSW. Dok\u0142adnie antropologia czyli nauka o cz\u0142owieku w aspekcie jego wielowymiarowo\u015bci.<\/p>\n\n\n\n<p>AK: To b\u0119d\u0105 studia magisterskie a potem doktoranckie?<\/p>\n\n\n\n<p>SZ: Tak, ale niekt\u00f3re przedmioty b\u0119d\u0119 mia\u0142 zaliczone i \u201ewskocz\u0119\u201d wy\u017cej w studiach magisterskich.<\/p>\n\n\n\n<p>AK: Ile to potrwa?<\/p>\n\n\n\n<p>SZ: Minimum 5 lat.<\/p>\n\n\n\n<p>AK: Wyrobi si\u0119 ksi\u0105dz? Nie wszyscy wracaj\u0105 z tytu\u0142em naukowym.<\/p>\n\n\n\n<p>SZ: Chcia\u0142bym. Chocia\u017c ju\u017c same studia i atmosfera uniwersytetu du\u017cego miasta ubogacaj\u0105.<\/p>\n\n\n\n<p>AK: Nie b\u0119dzie ksi\u0105dz t\u0119skni\u0142 za duszpasterstwem?<\/p>\n\n\n\n<p>SZ: Na pewno tak. Chocia\u017c b\u0119d\u0119 mieszka\u0142a jak rezydent przy jednej z warszawskich parafii i b\u0119d\u0119 tam te\u017c pos\u0142ugiwa\u0142.<\/p>\n\n\n\n<p>AK: Jaka to parafia i adres prosz\u0119? Nie \u017ceby\u015bmy si\u0119 chcieli tam wprasza\u0107 albo ksi\u0119dza kontrolowa\u0107.<\/p>\n\n\n\n<p>SZ: Ju\u017c podaj\u0119\u2026<\/p>\n\n\n\n<p>AK. Nie trzeba, to by\u0142 \u017cart. Co zostanie po tych 2 latach w parafii \u015bw. Jerzego?<\/p>\n\n\n\n<p>SZ: Ba\u0142em si\u0119 troch\u0119 tej, naszej parafii. Elbl\u0105g, du\u017ca wsp\u00f3lnota, wiele wyzwa\u0144. By\u0142o bardzo dobrze. Rozwin\u0105\u0142em si\u0119 tu. Troch\u0119 smutno si\u0119 \u017cegna\u0107. Dzi\u0119kuj\u0119 i na pewno nie zapomn\u0119.<\/p>\n","protected":false},"excerpt":{"rendered":"<p>AK: Zadowolony? Ks. Szymon \u017bugaj: Nawet wi\u0119cej ni\u017c zadowolony. AK: \u017be ju\u017c nie u Jerzego w Elbl\u0105gu?&#8230;<\/p>\n","protected":false},"author":2,"featured_media":14203,"comment_status":"open","ping_status":"open","sticky":false,"template":"","format":"standard","meta":{"_tbt_post_transparent":"","_tbt_post_title":"","_tbt_post_layout":"","_tbt_post_sidebar_id":"","_tbt_post_content_style":"","_tbt_post_vertical_padding":"","_tbt_post_feature":"","_tbt_post_feature_position":"","_tbt_post_header":false,"_tbt_post_footer":false},"categories":[34],"tags":[],"class_list":["post-14202","post","type-post","status-publish","format-standard","has-post-thumbnail","hentry","category-aktualnosci"],"_links":{"self":[{"href":"https:\/\/swietyjerzy.elblag.pl\/index.php\/wp-json\/wp\/v2\/posts\/14202","targetHints":{"allow":["GET"]}}],"collection":[{"href":"https:\/\/swietyjerzy.elblag.pl\/index.php\/wp-json\/wp\/v2\/posts"}],"about":[{"href":"https:\/\/swietyjerzy.elblag.pl\/index.php\/wp-json\/wp\/v2\/types\/post"}],"author":[{"embeddable":true,"href":"https:\/\/swietyjerzy.elblag.pl\/index.php\/wp-json\/wp\/v2\/users\/2"}],"replies":[{"embeddable":true,"href":"https:\/\/swietyjerzy.elblag.pl\/index.php\/wp-json\/wp\/v2\/comments?post=14202"}],"version-history":[{"count":1,"href":"https:\/\/swietyjerzy.elblag.pl\/index.php\/wp-json\/wp\/v2\/posts\/14202\/revisions"}],"predecessor-version":[{"id":14204,"href":"https:\/\/swietyjerzy.elblag.pl\/index.php\/wp-json\/wp\/v2\/posts\/14202\/revisions\/14204"}],"wp:featuredmedia":[{"embeddable":true,"href":"https:\/\/swietyjerzy.elblag.pl\/index.php\/wp-json\/wp\/v2\/media\/14203"}],"wp:attachment":[{"href":"https:\/\/swietyjerzy.elblag.pl\/index.php\/wp-json\/wp\/v2\/media?parent=14202"}],"wp:term":[{"taxonomy":"category","embeddable":true,"href":"https:\/\/swietyjerzy.elblag.pl\/index.php\/wp-json\/wp\/v2\/categories?post=14202"},{"taxonomy":"post_tag","embeddable":true,"href":"https:\/\/swietyjerzy.elblag.pl\/index.php\/wp-json\/wp\/v2\/tags?post=14202"}],"curies":[{"name":"wp","href":"https:\/\/api.w.org\/{rel}","templated":true}]}}