{"id":14199,"date":"2024-09-24T07:18:06","date_gmt":"2024-09-24T07:18:06","guid":{"rendered":"https:\/\/swietyjerzy.elblag.pl\/?p=14199"},"modified":"2024-09-24T07:18:07","modified_gmt":"2024-09-24T07:18:07","slug":"8-410","status":"publish","type":"post","link":"https:\/\/swietyjerzy.elblag.pl\/index.php\/2024\/09\/24\/8-410\/","title":{"rendered":"8.410,-"},"content":{"rendered":"\n<p>Osiem tysi\u0119cy czterysta dziesi\u0119\u0107 z\u0142otych. Tyle zebrali\u015bmy w ostatni\u0105 niedziel\u0119 na powodzian z Po\u0142udniowo-zachodniej Polski. B\u00f3g zap\u0142a\u0107. Pieni\u0105dze ju\u017c zosta\u0142y przekazane do Caritas. W Polsce jest ponad 10.000 parafii. Dochodz\u0105 do tego klasztory i ko\u015bcio\u0142y rektoralne. Prosz\u0119 to pomno\u017cy\u0107. Nawet, je\u017celi wiele parafii jest mniejszych od naszej \u2013 robi to imponuj\u0105c\u0105 sum\u0119. A to tylko jedna z form pomocy, kt\u00f3r\u0105 organizuje Ko\u015bci\u00f3\u0142.<\/p>\n","protected":false},"excerpt":{"rendered":"<p>Osiem tysi\u0119cy czterysta dziesi\u0119\u0107 z\u0142otych. Tyle zebrali\u015bmy w ostatni\u0105 niedziel\u0119 na powodzian z Po\u0142udniowo-zachodniej Polski. B\u00f3g zap\u0142a\u0107&#8230;.<\/p>\n","protected":false},"author":2,"featured_media":14200,"comment_status":"open","ping_status":"open","sticky":false,"template":"","format":"standard","meta":{"_tbt_post_transparent":"","_tbt_post_title":"","_tbt_post_layout":"","_tbt_post_sidebar_id":"","_tbt_post_content_style":"","_tbt_post_vertical_padding":"","_tbt_post_feature":"","_tbt_post_feature_position":"","_tbt_post_header":false,"_tbt_post_footer":false},"categories":[34],"tags":[],"class_list":["post-14199","post","type-post","status-publish","format-standard","has-post-thumbnail","hentry","category-aktualnosci"],"_links":{"self":[{"href":"https:\/\/swietyjerzy.elblag.pl\/index.php\/wp-json\/wp\/v2\/posts\/14199","targetHints":{"allow":["GET"]}}],"collection":[{"href":"https:\/\/swietyjerzy.elblag.pl\/index.php\/wp-json\/wp\/v2\/posts"}],"about":[{"href":"https:\/\/swietyjerzy.elblag.pl\/index.php\/wp-json\/wp\/v2\/types\/post"}],"author":[{"embeddable":true,"href":"https:\/\/swietyjerzy.elblag.pl\/index.php\/wp-json\/wp\/v2\/users\/2"}],"replies":[{"embeddable":true,"href":"https:\/\/swietyjerzy.elblag.pl\/index.php\/wp-json\/wp\/v2\/comments?post=14199"}],"version-history":[{"count":1,"href":"https:\/\/swietyjerzy.elblag.pl\/index.php\/wp-json\/wp\/v2\/posts\/14199\/revisions"}],"predecessor-version":[{"id":14201,"href":"https:\/\/swietyjerzy.elblag.pl\/index.php\/wp-json\/wp\/v2\/posts\/14199\/revisions\/14201"}],"wp:featuredmedia":[{"embeddable":true,"href":"https:\/\/swietyjerzy.elblag.pl\/index.php\/wp-json\/wp\/v2\/media\/14200"}],"wp:attachment":[{"href":"https:\/\/swietyjerzy.elblag.pl\/index.php\/wp-json\/wp\/v2\/media?parent=14199"}],"wp:term":[{"taxonomy":"category","embeddable":true,"href":"https:\/\/swietyjerzy.elblag.pl\/index.php\/wp-json\/wp\/v2\/categories?post=14199"},{"taxonomy":"post_tag","embeddable":true,"href":"https:\/\/swietyjerzy.elblag.pl\/index.php\/wp-json\/wp\/v2\/tags?post=14199"}],"curies":[{"name":"wp","href":"https:\/\/api.w.org\/{rel}","templated":true}]}}