{"id":14194,"date":"2024-09-19T13:22:55","date_gmt":"2024-09-19T13:22:55","guid":{"rendered":"https:\/\/swietyjerzy.elblag.pl\/?p=14194"},"modified":"2024-09-19T13:22:56","modified_gmt":"2024-09-19T13:22:56","slug":"14194","status":"publish","type":"post","link":"https:\/\/swietyjerzy.elblag.pl\/index.php\/2024\/09\/19\/14194\/","title":{"rendered":""},"content":{"rendered":"\n<p>BANER<\/p>\n\n\n\n<p>Nie, mury ko\u015bcio\u0142a nie reklamuj\u0105 sk\u0142ady budowlanego czy sklepu z narz\u0119dziami. Apeluj\u0105 o umiar i opanowanie emocji. \u201eNie nakr\u0119caj si\u0119!\u201d \u2013 takie proste, a takie trudne. Wyja\u015bnie\u0144&nbsp; w zbitce literowej jest a\u017c, no w\u0142a\u015bnie ile? Kabel wkr\u0119tarki ma te\u017c przes\u0142anie. &nbsp;<\/p>\n","protected":false},"excerpt":{"rendered":"<p>BANER Nie, mury ko\u015bcio\u0142a nie reklamuj\u0105 sk\u0142ady budowlanego czy sklepu z narz\u0119dziami. Apeluj\u0105 o umiar i opanowanie&#8230;<\/p>\n","protected":false},"author":2,"featured_media":14195,"comment_status":"open","ping_status":"open","sticky":false,"template":"","format":"standard","meta":{"_tbt_post_transparent":"","_tbt_post_title":"","_tbt_post_layout":"","_tbt_post_sidebar_id":"","_tbt_post_content_style":"","_tbt_post_vertical_padding":"","_tbt_post_feature":"","_tbt_post_feature_position":"","_tbt_post_header":false,"_tbt_post_footer":false},"categories":[34],"tags":[],"class_list":["post-14194","post","type-post","status-publish","format-standard","has-post-thumbnail","hentry","category-aktualnosci"],"_links":{"self":[{"href":"https:\/\/swietyjerzy.elblag.pl\/index.php\/wp-json\/wp\/v2\/posts\/14194","targetHints":{"allow":["GET"]}}],"collection":[{"href":"https:\/\/swietyjerzy.elblag.pl\/index.php\/wp-json\/wp\/v2\/posts"}],"about":[{"href":"https:\/\/swietyjerzy.elblag.pl\/index.php\/wp-json\/wp\/v2\/types\/post"}],"author":[{"embeddable":true,"href":"https:\/\/swietyjerzy.elblag.pl\/index.php\/wp-json\/wp\/v2\/users\/2"}],"replies":[{"embeddable":true,"href":"https:\/\/swietyjerzy.elblag.pl\/index.php\/wp-json\/wp\/v2\/comments?post=14194"}],"version-history":[{"count":1,"href":"https:\/\/swietyjerzy.elblag.pl\/index.php\/wp-json\/wp\/v2\/posts\/14194\/revisions"}],"predecessor-version":[{"id":14196,"href":"https:\/\/swietyjerzy.elblag.pl\/index.php\/wp-json\/wp\/v2\/posts\/14194\/revisions\/14196"}],"wp:featuredmedia":[{"embeddable":true,"href":"https:\/\/swietyjerzy.elblag.pl\/index.php\/wp-json\/wp\/v2\/media\/14195"}],"wp:attachment":[{"href":"https:\/\/swietyjerzy.elblag.pl\/index.php\/wp-json\/wp\/v2\/media?parent=14194"}],"wp:term":[{"taxonomy":"category","embeddable":true,"href":"https:\/\/swietyjerzy.elblag.pl\/index.php\/wp-json\/wp\/v2\/categories?post=14194"},{"taxonomy":"post_tag","embeddable":true,"href":"https:\/\/swietyjerzy.elblag.pl\/index.php\/wp-json\/wp\/v2\/tags?post=14194"}],"curies":[{"name":"wp","href":"https:\/\/api.w.org\/{rel}","templated":true}]}}