{"id":14181,"date":"2024-09-04T05:42:34","date_gmt":"2024-09-04T05:42:34","guid":{"rendered":"https:\/\/swietyjerzy.elblag.pl\/?p=14181"},"modified":"2024-09-04T05:42:34","modified_gmt":"2024-09-04T05:42:34","slug":"14181","status":"publish","type":"post","link":"https:\/\/swietyjerzy.elblag.pl\/index.php\/2024\/09\/04\/14181\/","title":{"rendered":""},"content":{"rendered":"\n<p>DROGA DO JERZEGO<\/p>\n\n\n\n<p>Ruszy\u0142 remont. Jezdnia do ko\u015bcio\u0142a i na parking nie b\u0119dzie dziurawa. \u0141agodniejszy b\u0119dzie podjazd wyjazdu. Nie zapomnimy o jaki\u015b zielonych nasadzeniach. Nie b\u0119d\u0105 wysokie, by nie zas\u0142ania\u0107 wyjazdu i unikn\u0105\u0107 kolizji z tramwajem lub rowerzystami. Przepraszamy za utrudnienia.<\/p>\n","protected":false},"excerpt":{"rendered":"<p>DROGA DO JERZEGO Ruszy\u0142 remont. Jezdnia do ko\u015bcio\u0142a i na parking nie b\u0119dzie dziurawa. \u0141agodniejszy b\u0119dzie podjazd&#8230;<\/p>\n","protected":false},"author":2,"featured_media":14182,"comment_status":"open","ping_status":"open","sticky":false,"template":"","format":"standard","meta":{"_tbt_post_transparent":"","_tbt_post_title":"","_tbt_post_layout":"","_tbt_post_sidebar_id":"","_tbt_post_content_style":"","_tbt_post_vertical_padding":"","_tbt_post_feature":"","_tbt_post_feature_position":"","_tbt_post_header":false,"_tbt_post_footer":false},"categories":[34],"tags":[],"class_list":["post-14181","post","type-post","status-publish","format-standard","has-post-thumbnail","hentry","category-aktualnosci"],"_links":{"self":[{"href":"https:\/\/swietyjerzy.elblag.pl\/index.php\/wp-json\/wp\/v2\/posts\/14181","targetHints":{"allow":["GET"]}}],"collection":[{"href":"https:\/\/swietyjerzy.elblag.pl\/index.php\/wp-json\/wp\/v2\/posts"}],"about":[{"href":"https:\/\/swietyjerzy.elblag.pl\/index.php\/wp-json\/wp\/v2\/types\/post"}],"author":[{"embeddable":true,"href":"https:\/\/swietyjerzy.elblag.pl\/index.php\/wp-json\/wp\/v2\/users\/2"}],"replies":[{"embeddable":true,"href":"https:\/\/swietyjerzy.elblag.pl\/index.php\/wp-json\/wp\/v2\/comments?post=14181"}],"version-history":[{"count":1,"href":"https:\/\/swietyjerzy.elblag.pl\/index.php\/wp-json\/wp\/v2\/posts\/14181\/revisions"}],"predecessor-version":[{"id":14183,"href":"https:\/\/swietyjerzy.elblag.pl\/index.php\/wp-json\/wp\/v2\/posts\/14181\/revisions\/14183"}],"wp:featuredmedia":[{"embeddable":true,"href":"https:\/\/swietyjerzy.elblag.pl\/index.php\/wp-json\/wp\/v2\/media\/14182"}],"wp:attachment":[{"href":"https:\/\/swietyjerzy.elblag.pl\/index.php\/wp-json\/wp\/v2\/media?parent=14181"}],"wp:term":[{"taxonomy":"category","embeddable":true,"href":"https:\/\/swietyjerzy.elblag.pl\/index.php\/wp-json\/wp\/v2\/categories?post=14181"},{"taxonomy":"post_tag","embeddable":true,"href":"https:\/\/swietyjerzy.elblag.pl\/index.php\/wp-json\/wp\/v2\/tags?post=14181"}],"curies":[{"name":"wp","href":"https:\/\/api.w.org\/{rel}","templated":true}]}}