{"id":14169,"date":"2024-08-24T07:23:24","date_gmt":"2024-08-24T07:23:24","guid":{"rendered":"https:\/\/swietyjerzy.elblag.pl\/?p=14169"},"modified":"2024-08-24T07:23:25","modified_gmt":"2024-08-24T07:23:25","slug":"14169","status":"publish","type":"post","link":"https:\/\/swietyjerzy.elblag.pl\/index.php\/2024\/08\/24\/14169\/","title":{"rendered":""},"content":{"rendered":"\n<p>U OSTROBRAMSKIEJ DO CZ\u0118STOCHOWSKIEJ<\/p>\n\n\n\n<p>W najbli\u017cszy poniedzia\u0142ek o godz. 17.30 zapraszamy na r\u00f3\u017caniec do kaplicy naszego ko\u015bcio\u0142a. Dedykowana jest ona Matce Bo\u017cej z Ostrej Bramy, a modli\u0107 si\u0119 b\u0119dziemy w uroczysto\u015b\u0107 Matki Bo\u017cej Cz\u0119stochowskiej. Podobny dylemat by\u0142 w domu b\u0142. kard. Stefana Wyszy\u0144skiego. Jego tata modli\u0142 si\u0119 do \u201eCz\u0119stochowskiej\u201d a mama do \u201eOstrobramskiej\u201d. I jaki \u015bwi\u0119ty rezultat z tego powsta\u0142! Do zobaczenia.<\/p>\n","protected":false},"excerpt":{"rendered":"<p>U OSTROBRAMSKIEJ DO CZ\u0118STOCHOWSKIEJ W najbli\u017cszy poniedzia\u0142ek o godz. 17.30 zapraszamy na r\u00f3\u017caniec do kaplicy naszego ko\u015bcio\u0142a&#8230;.<\/p>\n","protected":false},"author":2,"featured_media":14170,"comment_status":"open","ping_status":"open","sticky":false,"template":"","format":"standard","meta":{"_tbt_post_transparent":"","_tbt_post_title":"","_tbt_post_layout":"","_tbt_post_sidebar_id":"","_tbt_post_content_style":"","_tbt_post_vertical_padding":"","_tbt_post_feature":"","_tbt_post_feature_position":"","_tbt_post_header":false,"_tbt_post_footer":false},"categories":[34],"tags":[],"class_list":["post-14169","post","type-post","status-publish","format-standard","has-post-thumbnail","hentry","category-aktualnosci"],"_links":{"self":[{"href":"https:\/\/swietyjerzy.elblag.pl\/index.php\/wp-json\/wp\/v2\/posts\/14169","targetHints":{"allow":["GET"]}}],"collection":[{"href":"https:\/\/swietyjerzy.elblag.pl\/index.php\/wp-json\/wp\/v2\/posts"}],"about":[{"href":"https:\/\/swietyjerzy.elblag.pl\/index.php\/wp-json\/wp\/v2\/types\/post"}],"author":[{"embeddable":true,"href":"https:\/\/swietyjerzy.elblag.pl\/index.php\/wp-json\/wp\/v2\/users\/2"}],"replies":[{"embeddable":true,"href":"https:\/\/swietyjerzy.elblag.pl\/index.php\/wp-json\/wp\/v2\/comments?post=14169"}],"version-history":[{"count":1,"href":"https:\/\/swietyjerzy.elblag.pl\/index.php\/wp-json\/wp\/v2\/posts\/14169\/revisions"}],"predecessor-version":[{"id":14171,"href":"https:\/\/swietyjerzy.elblag.pl\/index.php\/wp-json\/wp\/v2\/posts\/14169\/revisions\/14171"}],"wp:featuredmedia":[{"embeddable":true,"href":"https:\/\/swietyjerzy.elblag.pl\/index.php\/wp-json\/wp\/v2\/media\/14170"}],"wp:attachment":[{"href":"https:\/\/swietyjerzy.elblag.pl\/index.php\/wp-json\/wp\/v2\/media?parent=14169"}],"wp:term":[{"taxonomy":"category","embeddable":true,"href":"https:\/\/swietyjerzy.elblag.pl\/index.php\/wp-json\/wp\/v2\/categories?post=14169"},{"taxonomy":"post_tag","embeddable":true,"href":"https:\/\/swietyjerzy.elblag.pl\/index.php\/wp-json\/wp\/v2\/tags?post=14169"}],"curies":[{"name":"wp","href":"https:\/\/api.w.org\/{rel}","templated":true}]}}