{"id":14163,"date":"2024-08-14T06:21:06","date_gmt":"2024-08-14T06:21:06","guid":{"rendered":"https:\/\/swietyjerzy.elblag.pl\/?p=14163"},"modified":"2024-08-14T06:21:07","modified_gmt":"2024-08-14T06:21:07","slug":"14163","status":"publish","type":"post","link":"https:\/\/swietyjerzy.elblag.pl\/index.php\/2024\/08\/14\/14163\/","title":{"rendered":""},"content":{"rendered":"\n<p>KONKURS MARYJNY<\/p>\n\n\n\n<p>Zaczynamy. W ko\u015bciele ju\u017c wszystko gotowe. S\u0105 kwiaty, zio\u0142a, zbo\u017ce, owoce i warzywa. W\u0142asne kompozycje i zbiory trzeba jutro przynie\u015b\u0107 do po\u015bwiecenia w ko\u015bciele. Ju\u017c dzi\u015b mo\u017cna umieszcza\u0107 ich zdj\u0119cia. Zapraszamy.<\/p>\n","protected":false},"excerpt":{"rendered":"<p>KONKURS MARYJNY Zaczynamy. W ko\u015bciele ju\u017c wszystko gotowe. S\u0105 kwiaty, zio\u0142a, zbo\u017ce, owoce i warzywa. W\u0142asne kompozycje&#8230;<\/p>\n","protected":false},"author":2,"featured_media":14164,"comment_status":"open","ping_status":"open","sticky":false,"template":"","format":"standard","meta":{"_tbt_post_transparent":"","_tbt_post_title":"","_tbt_post_layout":"","_tbt_post_sidebar_id":"","_tbt_post_content_style":"","_tbt_post_vertical_padding":"","_tbt_post_feature":"","_tbt_post_feature_position":"","_tbt_post_header":false,"_tbt_post_footer":false},"categories":[34],"tags":[],"class_list":["post-14163","post","type-post","status-publish","format-standard","has-post-thumbnail","hentry","category-aktualnosci"],"_links":{"self":[{"href":"https:\/\/swietyjerzy.elblag.pl\/index.php\/wp-json\/wp\/v2\/posts\/14163","targetHints":{"allow":["GET"]}}],"collection":[{"href":"https:\/\/swietyjerzy.elblag.pl\/index.php\/wp-json\/wp\/v2\/posts"}],"about":[{"href":"https:\/\/swietyjerzy.elblag.pl\/index.php\/wp-json\/wp\/v2\/types\/post"}],"author":[{"embeddable":true,"href":"https:\/\/swietyjerzy.elblag.pl\/index.php\/wp-json\/wp\/v2\/users\/2"}],"replies":[{"embeddable":true,"href":"https:\/\/swietyjerzy.elblag.pl\/index.php\/wp-json\/wp\/v2\/comments?post=14163"}],"version-history":[{"count":1,"href":"https:\/\/swietyjerzy.elblag.pl\/index.php\/wp-json\/wp\/v2\/posts\/14163\/revisions"}],"predecessor-version":[{"id":14165,"href":"https:\/\/swietyjerzy.elblag.pl\/index.php\/wp-json\/wp\/v2\/posts\/14163\/revisions\/14165"}],"wp:featuredmedia":[{"embeddable":true,"href":"https:\/\/swietyjerzy.elblag.pl\/index.php\/wp-json\/wp\/v2\/media\/14164"}],"wp:attachment":[{"href":"https:\/\/swietyjerzy.elblag.pl\/index.php\/wp-json\/wp\/v2\/media?parent=14163"}],"wp:term":[{"taxonomy":"category","embeddable":true,"href":"https:\/\/swietyjerzy.elblag.pl\/index.php\/wp-json\/wp\/v2\/categories?post=14163"},{"taxonomy":"post_tag","embeddable":true,"href":"https:\/\/swietyjerzy.elblag.pl\/index.php\/wp-json\/wp\/v2\/tags?post=14163"}],"curies":[{"name":"wp","href":"https:\/\/api.w.org\/{rel}","templated":true}]}}