{"id":14160,"date":"2024-08-13T12:55:37","date_gmt":"2024-08-13T12:55:37","guid":{"rendered":"https:\/\/swietyjerzy.elblag.pl\/?p=14160"},"modified":"2024-08-13T12:55:38","modified_gmt":"2024-08-13T12:55:38","slug":"14160","status":"publish","type":"post","link":"https:\/\/swietyjerzy.elblag.pl\/index.php\/2024\/08\/13\/14160\/","title":{"rendered":""},"content":{"rendered":"\n<p>ZIELNA!<\/p>\n\n\n\n<p>Przygotowania do dekoracji ko\u015bcio\u0142a na Wniebowzi\u0119cie Matki Bo\u017cej trwaj\u0105 pe\u0142n\u0105 par\u0105. Zapraszamy w czwartek do ko\u015bcio\u0142a. Obowi\u0105zkowo z bukietami kwiat\u00f3w, zb\u00f3\u017c i zi\u00f3\u0142. Tak\u017ce koszyk\u00f3w z warzywami i owocami \u2013 plonami tegorocznych zbior\u00f3w. Prosimy o przes\u0142anie zdj\u0119\u0107 tych ma\u0142ych arcydzie\u0142 na facebooka Parafia \u015bw. Jerzego w Elbl\u0105gu.&nbsp;&nbsp;<\/p>\n","protected":false},"excerpt":{"rendered":"<p>ZIELNA! Przygotowania do dekoracji ko\u015bcio\u0142a na Wniebowzi\u0119cie Matki Bo\u017cej trwaj\u0105 pe\u0142n\u0105 par\u0105. Zapraszamy w czwartek do ko\u015bcio\u0142a&#8230;.<\/p>\n","protected":false},"author":2,"featured_media":14161,"comment_status":"open","ping_status":"open","sticky":false,"template":"","format":"standard","meta":{"_tbt_post_transparent":"","_tbt_post_title":"","_tbt_post_layout":"","_tbt_post_sidebar_id":"","_tbt_post_content_style":"","_tbt_post_vertical_padding":"","_tbt_post_feature":"","_tbt_post_feature_position":"","_tbt_post_header":false,"_tbt_post_footer":false},"categories":[34],"tags":[],"class_list":["post-14160","post","type-post","status-publish","format-standard","has-post-thumbnail","hentry","category-aktualnosci"],"_links":{"self":[{"href":"https:\/\/swietyjerzy.elblag.pl\/index.php\/wp-json\/wp\/v2\/posts\/14160","targetHints":{"allow":["GET"]}}],"collection":[{"href":"https:\/\/swietyjerzy.elblag.pl\/index.php\/wp-json\/wp\/v2\/posts"}],"about":[{"href":"https:\/\/swietyjerzy.elblag.pl\/index.php\/wp-json\/wp\/v2\/types\/post"}],"author":[{"embeddable":true,"href":"https:\/\/swietyjerzy.elblag.pl\/index.php\/wp-json\/wp\/v2\/users\/2"}],"replies":[{"embeddable":true,"href":"https:\/\/swietyjerzy.elblag.pl\/index.php\/wp-json\/wp\/v2\/comments?post=14160"}],"version-history":[{"count":1,"href":"https:\/\/swietyjerzy.elblag.pl\/index.php\/wp-json\/wp\/v2\/posts\/14160\/revisions"}],"predecessor-version":[{"id":14162,"href":"https:\/\/swietyjerzy.elblag.pl\/index.php\/wp-json\/wp\/v2\/posts\/14160\/revisions\/14162"}],"wp:featuredmedia":[{"embeddable":true,"href":"https:\/\/swietyjerzy.elblag.pl\/index.php\/wp-json\/wp\/v2\/media\/14161"}],"wp:attachment":[{"href":"https:\/\/swietyjerzy.elblag.pl\/index.php\/wp-json\/wp\/v2\/media?parent=14160"}],"wp:term":[{"taxonomy":"category","embeddable":true,"href":"https:\/\/swietyjerzy.elblag.pl\/index.php\/wp-json\/wp\/v2\/categories?post=14160"},{"taxonomy":"post_tag","embeddable":true,"href":"https:\/\/swietyjerzy.elblag.pl\/index.php\/wp-json\/wp\/v2\/tags?post=14160"}],"curies":[{"name":"wp","href":"https:\/\/api.w.org\/{rel}","templated":true}]}}