{"id":14149,"date":"2024-07-31T07:21:51","date_gmt":"2024-07-31T07:21:51","guid":{"rendered":"https:\/\/swietyjerzy.elblag.pl\/?p=14149"},"modified":"2024-07-31T07:21:52","modified_gmt":"2024-07-31T07:21:52","slug":"14149","status":"publish","type":"post","link":"https:\/\/swietyjerzy.elblag.pl\/index.php\/2024\/07\/31\/14149\/","title":{"rendered":""},"content":{"rendered":"\n<p>NASZE PIELGRZYMKI<\/p>\n\n\n\n<p>W ubieg\u0142ym roku pieszo na Jasn\u0105 G\u00f3r\u0119 szed\u0142 ks. Szymon. Aktualnie w\u0119druje ks. Marcin. Pisz\u0105cy te s\u0142owa ma za sob\u0105 dwie pielgrzymki warmi\u0144skie. By\u0142o to w 1984 i 85 roku. Grupa nazywa\u0142a si\u0119 \u201eSasinia\u201d i sz\u0142a z Ostr\u00f3dy, Olsztynka i Niedzicy. Liczy\u0142a ponad 400 os\u00f3b. Samych grup muzycznych by\u0142y 2 lub 3. W 1985 trzeba by\u0142o je rozdzieli\u0107 i by\u0142y dwie \u201eSasinie\u201d. Na ka\u017cdej pielgrzymce chud\u0142em po kilka kilogram\u00f3w. Zach\u0119camy do podzielenia si\u0119 swoimi wspomnieniami pielgrzymkowymi. Mo\u017cna te\u017c umieszcz\u0105 zdj\u0119cia. To na facebooku Parafia \u015bw. Jerzego w Elbl\u0105gu. W pielgrzymce warmi\u0144skiej chodzi\u0142a te\u017c grupa \u015bw. Jerzego. Nazywa\u0142a si\u0119 chyba \u201eSkalowia\u201d?&nbsp;<\/p>\n","protected":false},"excerpt":{"rendered":"<p>NASZE PIELGRZYMKI W ubieg\u0142ym roku pieszo na Jasn\u0105 G\u00f3r\u0119 szed\u0142 ks. Szymon. Aktualnie w\u0119druje ks. Marcin. Pisz\u0105cy&#8230;<\/p>\n","protected":false},"author":2,"featured_media":14150,"comment_status":"open","ping_status":"open","sticky":false,"template":"","format":"standard","meta":{"_tbt_post_transparent":"","_tbt_post_title":"","_tbt_post_layout":"","_tbt_post_sidebar_id":"","_tbt_post_content_style":"","_tbt_post_vertical_padding":"","_tbt_post_feature":"","_tbt_post_feature_position":"","_tbt_post_header":false,"_tbt_post_footer":false},"categories":[34],"tags":[],"class_list":["post-14149","post","type-post","status-publish","format-standard","has-post-thumbnail","hentry","category-aktualnosci"],"_links":{"self":[{"href":"https:\/\/swietyjerzy.elblag.pl\/index.php\/wp-json\/wp\/v2\/posts\/14149","targetHints":{"allow":["GET"]}}],"collection":[{"href":"https:\/\/swietyjerzy.elblag.pl\/index.php\/wp-json\/wp\/v2\/posts"}],"about":[{"href":"https:\/\/swietyjerzy.elblag.pl\/index.php\/wp-json\/wp\/v2\/types\/post"}],"author":[{"embeddable":true,"href":"https:\/\/swietyjerzy.elblag.pl\/index.php\/wp-json\/wp\/v2\/users\/2"}],"replies":[{"embeddable":true,"href":"https:\/\/swietyjerzy.elblag.pl\/index.php\/wp-json\/wp\/v2\/comments?post=14149"}],"version-history":[{"count":1,"href":"https:\/\/swietyjerzy.elblag.pl\/index.php\/wp-json\/wp\/v2\/posts\/14149\/revisions"}],"predecessor-version":[{"id":14151,"href":"https:\/\/swietyjerzy.elblag.pl\/index.php\/wp-json\/wp\/v2\/posts\/14149\/revisions\/14151"}],"wp:featuredmedia":[{"embeddable":true,"href":"https:\/\/swietyjerzy.elblag.pl\/index.php\/wp-json\/wp\/v2\/media\/14150"}],"wp:attachment":[{"href":"https:\/\/swietyjerzy.elblag.pl\/index.php\/wp-json\/wp\/v2\/media?parent=14149"}],"wp:term":[{"taxonomy":"category","embeddable":true,"href":"https:\/\/swietyjerzy.elblag.pl\/index.php\/wp-json\/wp\/v2\/categories?post=14149"},{"taxonomy":"post_tag","embeddable":true,"href":"https:\/\/swietyjerzy.elblag.pl\/index.php\/wp-json\/wp\/v2\/tags?post=14149"}],"curies":[{"name":"wp","href":"https:\/\/api.w.org\/{rel}","templated":true}]}}