{"id":14142,"date":"2024-07-27T05:14:50","date_gmt":"2024-07-27T05:14:50","guid":{"rendered":"https:\/\/swietyjerzy.elblag.pl\/?p=14142"},"modified":"2024-07-27T05:14:50","modified_gmt":"2024-07-27T05:14:50","slug":"14142","status":"publish","type":"post","link":"https:\/\/swietyjerzy.elblag.pl\/index.php\/2024\/07\/27\/14142\/","title":{"rendered":""},"content":{"rendered":"\n<p>\u201eZ\u0141O WCIELONE KATECHEZY\u201d<\/p>\n\n\n\n<p>Ma prawo by\u0107 i nie jest niczym nagannym. Dwa lata uczy\u0142em w domu katechetycznym w Sztumie i trzy nast\u0119pne w szkole (w medyku i w szkole rolniczej). Po studiach w Rzymie dwa lata w LO nr 3 i dalsze dwa lata w LO nr 2 w Elbl\u0105gu. Minus\u00f3w religii w szkole jest co niemiara. Program nauczania, specyfika przedmiotu, zachowanie uczni\u00f3w. Nie\u0142atwo\u015b\u0107 poruszania trudnych temat\u00f3w mi\u0119dzy klas\u00f3wk\u0105 z matematyki i sprawdzianem z historii. Plus\u00f3w jest wi\u0119cej. Interdyscyplinarno\u015b\u0107 przedmiotu, kszta\u0142towanie to\u017csamo\u015bci historycznej i spo\u0142ecznej, promocja postaw etyczno-moralnych, rozw\u00f3j duchowy, wzmacnianie procesu wychowawczego. Rozstrza\u0142 jest du\u017cy: od wolontariatu do pyta\u0144 o sens istnienia \u015bwiata i cz\u0142owieka. Do tego \u2013 praktyka uczenia bycia dobrym. I co? Do likwidacji?<\/p>\n","protected":false},"excerpt":{"rendered":"<p>\u201eZ\u0141O WCIELONE KATECHEZY\u201d Ma prawo by\u0107 i nie jest niczym nagannym. Dwa lata uczy\u0142em w domu katechetycznym&#8230;<\/p>\n","protected":false},"author":2,"featured_media":14143,"comment_status":"open","ping_status":"open","sticky":false,"template":"","format":"standard","meta":{"_tbt_post_transparent":"","_tbt_post_title":"","_tbt_post_layout":"","_tbt_post_sidebar_id":"","_tbt_post_content_style":"","_tbt_post_vertical_padding":"","_tbt_post_feature":"","_tbt_post_feature_position":"","_tbt_post_header":false,"_tbt_post_footer":false},"categories":[34],"tags":[],"class_list":["post-14142","post","type-post","status-publish","format-standard","has-post-thumbnail","hentry","category-aktualnosci"],"_links":{"self":[{"href":"https:\/\/swietyjerzy.elblag.pl\/index.php\/wp-json\/wp\/v2\/posts\/14142","targetHints":{"allow":["GET"]}}],"collection":[{"href":"https:\/\/swietyjerzy.elblag.pl\/index.php\/wp-json\/wp\/v2\/posts"}],"about":[{"href":"https:\/\/swietyjerzy.elblag.pl\/index.php\/wp-json\/wp\/v2\/types\/post"}],"author":[{"embeddable":true,"href":"https:\/\/swietyjerzy.elblag.pl\/index.php\/wp-json\/wp\/v2\/users\/2"}],"replies":[{"embeddable":true,"href":"https:\/\/swietyjerzy.elblag.pl\/index.php\/wp-json\/wp\/v2\/comments?post=14142"}],"version-history":[{"count":1,"href":"https:\/\/swietyjerzy.elblag.pl\/index.php\/wp-json\/wp\/v2\/posts\/14142\/revisions"}],"predecessor-version":[{"id":14144,"href":"https:\/\/swietyjerzy.elblag.pl\/index.php\/wp-json\/wp\/v2\/posts\/14142\/revisions\/14144"}],"wp:featuredmedia":[{"embeddable":true,"href":"https:\/\/swietyjerzy.elblag.pl\/index.php\/wp-json\/wp\/v2\/media\/14143"}],"wp:attachment":[{"href":"https:\/\/swietyjerzy.elblag.pl\/index.php\/wp-json\/wp\/v2\/media?parent=14142"}],"wp:term":[{"taxonomy":"category","embeddable":true,"href":"https:\/\/swietyjerzy.elblag.pl\/index.php\/wp-json\/wp\/v2\/categories?post=14142"},{"taxonomy":"post_tag","embeddable":true,"href":"https:\/\/swietyjerzy.elblag.pl\/index.php\/wp-json\/wp\/v2\/tags?post=14142"}],"curies":[{"name":"wp","href":"https:\/\/api.w.org\/{rel}","templated":true}]}}