{"id":14139,"date":"2024-07-27T05:13:49","date_gmt":"2024-07-27T05:13:49","guid":{"rendered":"https:\/\/swietyjerzy.elblag.pl\/?p=14139"},"modified":"2024-07-27T05:13:50","modified_gmt":"2024-07-27T05:13:50","slug":"14139","status":"publish","type":"post","link":"https:\/\/swietyjerzy.elblag.pl\/index.php\/2024\/07\/27\/14139\/","title":{"rendered":""},"content":{"rendered":"\n<p>O CHRZTACH RAZ JESZCZE<\/p>\n\n\n\n<p>Zapisanych na ten rok jest ju\u017c 50 chrzt\u00f3w. Wi\u0119kszo\u015b\u0107 s\u0105 to dzieci jednoroczne. Troch\u0119 rozrabiaj\u0105 podczas liturgii. Dwadzie\u015bcia trzy pary s\u0105 po\u0142\u0105czone sakramentem ma\u0142\u017ce\u0144stwa. Sprawdza si\u0119 instytucja \u015bwiadka chrztu. Nie konfliktuje rodziny i nie wyklucza nikogo z uczestnictwa. Nie dzia\u0142a z automatu. Zawsze spotykamy si\u0119, by razem si\u0119 pozna\u0107 i przedyskutowa\u0107. Nie ma rodzin wielodzietnych. A\u017c 16 chrzt\u00f3w by\u0142o spoza parafii. Dwa \u201eodzyskane\u201d zza kana\u0142u. Kilka z zagranicy. Dla ustalenia daty chrztu wa\u017cna jest rezerwacja w restauracji. Nie mo\u017cna zbyt szybko gasi\u0107 \u015bwiate\u0142 w ko\u015bciele. Po mszy jest zawsze sesja fotograficzna.<\/p>\n","protected":false},"excerpt":{"rendered":"<p>O CHRZTACH RAZ JESZCZE Zapisanych na ten rok jest ju\u017c 50 chrzt\u00f3w. Wi\u0119kszo\u015b\u0107 s\u0105 to dzieci jednoroczne&#8230;.<\/p>\n","protected":false},"author":2,"featured_media":14140,"comment_status":"open","ping_status":"open","sticky":false,"template":"","format":"standard","meta":{"_tbt_post_transparent":"","_tbt_post_title":"","_tbt_post_layout":"","_tbt_post_sidebar_id":"","_tbt_post_content_style":"","_tbt_post_vertical_padding":"","_tbt_post_feature":"","_tbt_post_feature_position":"","_tbt_post_header":false,"_tbt_post_footer":false},"categories":[34],"tags":[],"class_list":["post-14139","post","type-post","status-publish","format-standard","has-post-thumbnail","hentry","category-aktualnosci"],"_links":{"self":[{"href":"https:\/\/swietyjerzy.elblag.pl\/index.php\/wp-json\/wp\/v2\/posts\/14139","targetHints":{"allow":["GET"]}}],"collection":[{"href":"https:\/\/swietyjerzy.elblag.pl\/index.php\/wp-json\/wp\/v2\/posts"}],"about":[{"href":"https:\/\/swietyjerzy.elblag.pl\/index.php\/wp-json\/wp\/v2\/types\/post"}],"author":[{"embeddable":true,"href":"https:\/\/swietyjerzy.elblag.pl\/index.php\/wp-json\/wp\/v2\/users\/2"}],"replies":[{"embeddable":true,"href":"https:\/\/swietyjerzy.elblag.pl\/index.php\/wp-json\/wp\/v2\/comments?post=14139"}],"version-history":[{"count":1,"href":"https:\/\/swietyjerzy.elblag.pl\/index.php\/wp-json\/wp\/v2\/posts\/14139\/revisions"}],"predecessor-version":[{"id":14141,"href":"https:\/\/swietyjerzy.elblag.pl\/index.php\/wp-json\/wp\/v2\/posts\/14139\/revisions\/14141"}],"wp:featuredmedia":[{"embeddable":true,"href":"https:\/\/swietyjerzy.elblag.pl\/index.php\/wp-json\/wp\/v2\/media\/14140"}],"wp:attachment":[{"href":"https:\/\/swietyjerzy.elblag.pl\/index.php\/wp-json\/wp\/v2\/media?parent=14139"}],"wp:term":[{"taxonomy":"category","embeddable":true,"href":"https:\/\/swietyjerzy.elblag.pl\/index.php\/wp-json\/wp\/v2\/categories?post=14139"},{"taxonomy":"post_tag","embeddable":true,"href":"https:\/\/swietyjerzy.elblag.pl\/index.php\/wp-json\/wp\/v2\/tags?post=14139"}],"curies":[{"name":"wp","href":"https:\/\/api.w.org\/{rel}","templated":true}]}}