{"id":14122,"date":"2024-06-18T07:14:20","date_gmt":"2024-06-18T07:14:20","guid":{"rendered":"https:\/\/swietyjerzy.elblag.pl\/?p=14122"},"modified":"2024-06-18T07:14:21","modified_gmt":"2024-06-18T07:14:21","slug":"14122","status":"publish","type":"post","link":"https:\/\/swietyjerzy.elblag.pl\/index.php\/2024\/06\/18\/14122\/","title":{"rendered":""},"content":{"rendered":"\n<p>P\u00d3\u0141METEK W LICZBACH<\/p>\n\n\n\n<p>Czerwiec i za chwil\u0119 p\u00f3\u0142 roku 2024 za nami. Co u nas? \u201eNajlepiej\u201d si\u0119 maj\u0105 pogrzeby. By\u0142o ich ju\u017c 60. \u015alub\u00f3w tylko cztery. Chrzt\u00f3w b\u0119dzie 37. Dzieci do I Komunii \u015awi\u0119tej by\u0142o 88. Bezdyskusyjnie najlepiej si\u0119 maj\u0105 nowe \u0142awki. Dobrze, \u017ce na nie si\u0119 zdecydowali\u015bmy. Wprowadzaj\u0105 now\u0105 jako\u015b\u0107 w ko\u015bciele. Oby jak najcz\u0119\u015bciej si\u0119 zape\u0142nia\u0142y, omodli\u0142y si\u0119, dawa\u0142y komfort prze\u017cycie religijnego!&nbsp;&nbsp;<\/p>\n","protected":false},"excerpt":{"rendered":"<p>P\u00d3\u0141METEK W LICZBACH Czerwiec i za chwil\u0119 p\u00f3\u0142 roku 2024 za nami. Co u nas? \u201eNajlepiej\u201d si\u0119&#8230;<\/p>\n","protected":false},"author":2,"featured_media":14123,"comment_status":"open","ping_status":"open","sticky":false,"template":"","format":"standard","meta":{"_tbt_post_transparent":"","_tbt_post_title":"","_tbt_post_layout":"","_tbt_post_sidebar_id":"","_tbt_post_content_style":"","_tbt_post_vertical_padding":"","_tbt_post_feature":"","_tbt_post_feature_position":"","_tbt_post_header":false,"_tbt_post_footer":false},"categories":[34],"tags":[],"class_list":["post-14122","post","type-post","status-publish","format-standard","has-post-thumbnail","hentry","category-aktualnosci"],"_links":{"self":[{"href":"https:\/\/swietyjerzy.elblag.pl\/index.php\/wp-json\/wp\/v2\/posts\/14122","targetHints":{"allow":["GET"]}}],"collection":[{"href":"https:\/\/swietyjerzy.elblag.pl\/index.php\/wp-json\/wp\/v2\/posts"}],"about":[{"href":"https:\/\/swietyjerzy.elblag.pl\/index.php\/wp-json\/wp\/v2\/types\/post"}],"author":[{"embeddable":true,"href":"https:\/\/swietyjerzy.elblag.pl\/index.php\/wp-json\/wp\/v2\/users\/2"}],"replies":[{"embeddable":true,"href":"https:\/\/swietyjerzy.elblag.pl\/index.php\/wp-json\/wp\/v2\/comments?post=14122"}],"version-history":[{"count":1,"href":"https:\/\/swietyjerzy.elblag.pl\/index.php\/wp-json\/wp\/v2\/posts\/14122\/revisions"}],"predecessor-version":[{"id":14124,"href":"https:\/\/swietyjerzy.elblag.pl\/index.php\/wp-json\/wp\/v2\/posts\/14122\/revisions\/14124"}],"wp:featuredmedia":[{"embeddable":true,"href":"https:\/\/swietyjerzy.elblag.pl\/index.php\/wp-json\/wp\/v2\/media\/14123"}],"wp:attachment":[{"href":"https:\/\/swietyjerzy.elblag.pl\/index.php\/wp-json\/wp\/v2\/media?parent=14122"}],"wp:term":[{"taxonomy":"category","embeddable":true,"href":"https:\/\/swietyjerzy.elblag.pl\/index.php\/wp-json\/wp\/v2\/categories?post=14122"},{"taxonomy":"post_tag","embeddable":true,"href":"https:\/\/swietyjerzy.elblag.pl\/index.php\/wp-json\/wp\/v2\/tags?post=14122"}],"curies":[{"name":"wp","href":"https:\/\/api.w.org\/{rel}","templated":true}]}}