{"id":14100,"date":"2024-05-17T04:55:59","date_gmt":"2024-05-17T04:55:59","guid":{"rendered":"https:\/\/swietyjerzy.elblag.pl\/?p=14100"},"modified":"2024-05-17T04:55:59","modified_gmt":"2024-05-17T04:55:59","slug":"14100","status":"publish","type":"post","link":"https:\/\/swietyjerzy.elblag.pl\/index.php\/2024\/05\/17\/14100\/","title":{"rendered":""},"content":{"rendered":"\n<p>OFIARNIE NA HOSPICJUM<\/p>\n\n\n\n<p>\u201ePola nadziei\u201d na rzecz naszego elbl\u0105skiego hospicjum zaowocowa\u0142y zbi\u00f3rk\u0105 prawie 2000 z\u0142. Dzi\u0119kujemy wszystkim parafianom, tym bardziej, \u017ce idea powstania hospicjum wysz\u0142a w\u0142a\u015bnie z naszej parafii. &nbsp;<\/p>\n","protected":false},"excerpt":{"rendered":"<p>OFIARNIE NA HOSPICJUM \u201ePola nadziei\u201d na rzecz naszego elbl\u0105skiego hospicjum zaowocowa\u0142y zbi\u00f3rk\u0105 prawie 2000 z\u0142. Dzi\u0119kujemy wszystkim&#8230;<\/p>\n","protected":false},"author":2,"featured_media":14101,"comment_status":"open","ping_status":"open","sticky":false,"template":"","format":"standard","meta":{"_tbt_post_transparent":"","_tbt_post_title":"","_tbt_post_layout":"","_tbt_post_sidebar_id":"","_tbt_post_content_style":"","_tbt_post_vertical_padding":"","_tbt_post_feature":"","_tbt_post_feature_position":"","_tbt_post_header":false,"_tbt_post_footer":false},"categories":[34],"tags":[],"class_list":["post-14100","post","type-post","status-publish","format-standard","has-post-thumbnail","hentry","category-aktualnosci"],"_links":{"self":[{"href":"https:\/\/swietyjerzy.elblag.pl\/index.php\/wp-json\/wp\/v2\/posts\/14100","targetHints":{"allow":["GET"]}}],"collection":[{"href":"https:\/\/swietyjerzy.elblag.pl\/index.php\/wp-json\/wp\/v2\/posts"}],"about":[{"href":"https:\/\/swietyjerzy.elblag.pl\/index.php\/wp-json\/wp\/v2\/types\/post"}],"author":[{"embeddable":true,"href":"https:\/\/swietyjerzy.elblag.pl\/index.php\/wp-json\/wp\/v2\/users\/2"}],"replies":[{"embeddable":true,"href":"https:\/\/swietyjerzy.elblag.pl\/index.php\/wp-json\/wp\/v2\/comments?post=14100"}],"version-history":[{"count":1,"href":"https:\/\/swietyjerzy.elblag.pl\/index.php\/wp-json\/wp\/v2\/posts\/14100\/revisions"}],"predecessor-version":[{"id":14102,"href":"https:\/\/swietyjerzy.elblag.pl\/index.php\/wp-json\/wp\/v2\/posts\/14100\/revisions\/14102"}],"wp:featuredmedia":[{"embeddable":true,"href":"https:\/\/swietyjerzy.elblag.pl\/index.php\/wp-json\/wp\/v2\/media\/14101"}],"wp:attachment":[{"href":"https:\/\/swietyjerzy.elblag.pl\/index.php\/wp-json\/wp\/v2\/media?parent=14100"}],"wp:term":[{"taxonomy":"category","embeddable":true,"href":"https:\/\/swietyjerzy.elblag.pl\/index.php\/wp-json\/wp\/v2\/categories?post=14100"},{"taxonomy":"post_tag","embeddable":true,"href":"https:\/\/swietyjerzy.elblag.pl\/index.php\/wp-json\/wp\/v2\/tags?post=14100"}],"curies":[{"name":"wp","href":"https:\/\/api.w.org\/{rel}","templated":true}]}}