{"id":14093,"date":"2024-05-10T05:44:46","date_gmt":"2024-05-10T05:44:46","guid":{"rendered":"https:\/\/swietyjerzy.elblag.pl\/?p=14093"},"modified":"2024-05-10T05:44:46","modified_gmt":"2024-05-10T05:44:46","slug":"14093","status":"publish","type":"post","link":"https:\/\/swietyjerzy.elblag.pl\/index.php\/2024\/05\/10\/14093\/","title":{"rendered":""},"content":{"rendered":"\n<p>BILANS KSI\u0118GOWY<\/p>\n\n\n\n<p>Pierwszy rz\u0105d \u0142awek ju\u017c sp\u0142acony. By\u0142y ofiary darczy\u0144c\u00f3w, jedna zbi\u00f3rka na tac\u0119 i indywidualne donacje. Bilansujemy rz\u0105d drugi. Pi\u0119\u0107 \u0142awek jest ju\u017c zasponsorowanych. Dwie nast\u0119pne b\u0119d\u0105 od dzieci I Komunii, mo\u017ce jedna od dzieci rocznicowych. Wp\u0142yn\u0119\u0142a te\u017c jedna darowizna na konto. 02124012261111000014023374 z przekierowaniem na subkonto \u0142awki. &nbsp;<\/p>\n","protected":false},"excerpt":{"rendered":"<p>BILANS KSI\u0118GOWY Pierwszy rz\u0105d \u0142awek ju\u017c sp\u0142acony. By\u0142y ofiary darczy\u0144c\u00f3w, jedna zbi\u00f3rka na tac\u0119 i indywidualne donacje&#8230;.<\/p>\n","protected":false},"author":2,"featured_media":14094,"comment_status":"open","ping_status":"open","sticky":false,"template":"","format":"standard","meta":{"_tbt_post_transparent":"","_tbt_post_title":"","_tbt_post_layout":"","_tbt_post_sidebar_id":"","_tbt_post_content_style":"","_tbt_post_vertical_padding":"","_tbt_post_feature":"","_tbt_post_feature_position":"","_tbt_post_header":false,"_tbt_post_footer":false},"categories":[34],"tags":[],"class_list":["post-14093","post","type-post","status-publish","format-standard","has-post-thumbnail","hentry","category-aktualnosci"],"_links":{"self":[{"href":"https:\/\/swietyjerzy.elblag.pl\/index.php\/wp-json\/wp\/v2\/posts\/14093","targetHints":{"allow":["GET"]}}],"collection":[{"href":"https:\/\/swietyjerzy.elblag.pl\/index.php\/wp-json\/wp\/v2\/posts"}],"about":[{"href":"https:\/\/swietyjerzy.elblag.pl\/index.php\/wp-json\/wp\/v2\/types\/post"}],"author":[{"embeddable":true,"href":"https:\/\/swietyjerzy.elblag.pl\/index.php\/wp-json\/wp\/v2\/users\/2"}],"replies":[{"embeddable":true,"href":"https:\/\/swietyjerzy.elblag.pl\/index.php\/wp-json\/wp\/v2\/comments?post=14093"}],"version-history":[{"count":1,"href":"https:\/\/swietyjerzy.elblag.pl\/index.php\/wp-json\/wp\/v2\/posts\/14093\/revisions"}],"predecessor-version":[{"id":14095,"href":"https:\/\/swietyjerzy.elblag.pl\/index.php\/wp-json\/wp\/v2\/posts\/14093\/revisions\/14095"}],"wp:featuredmedia":[{"embeddable":true,"href":"https:\/\/swietyjerzy.elblag.pl\/index.php\/wp-json\/wp\/v2\/media\/14094"}],"wp:attachment":[{"href":"https:\/\/swietyjerzy.elblag.pl\/index.php\/wp-json\/wp\/v2\/media?parent=14093"}],"wp:term":[{"taxonomy":"category","embeddable":true,"href":"https:\/\/swietyjerzy.elblag.pl\/index.php\/wp-json\/wp\/v2\/categories?post=14093"},{"taxonomy":"post_tag","embeddable":true,"href":"https:\/\/swietyjerzy.elblag.pl\/index.php\/wp-json\/wp\/v2\/tags?post=14093"}],"curies":[{"name":"wp","href":"https:\/\/api.w.org\/{rel}","templated":true}]}}