{"id":14080,"date":"2024-04-20T07:30:56","date_gmt":"2024-04-20T07:30:56","guid":{"rendered":"https:\/\/swietyjerzy.elblag.pl\/?p=14080"},"modified":"2024-04-20T07:30:57","modified_gmt":"2024-04-20T07:30:57","slug":"14080","status":"publish","type":"post","link":"https:\/\/swietyjerzy.elblag.pl\/index.php\/2024\/04\/20\/14080\/","title":{"rendered":""},"content":{"rendered":"\n<p>JU\u017b S\u0104<\/p>\n\n\n\n<p>Dwie pierwsze. Eleganckie, proste, funkcjonalne. Pasuj\u0105 do nowoczesnego wystroju naszego ko\u015bcio\u0142a. Tak\u017ce kolor d\u0119bu jest trafiony. No i s\u0105 solidnie ci\u0119\u017ckie. Dzi\u0119ki nim nasza \u015bwi\u0105tynia jeszcze wypi\u0119knieje. Jutro prosz\u0119 wypr\u00f3bowa\u0107.<\/p>\n","protected":false},"excerpt":{"rendered":"<p>JU\u017b S\u0104 Dwie pierwsze. Eleganckie, proste, funkcjonalne. Pasuj\u0105 do nowoczesnego wystroju naszego ko\u015bcio\u0142a. Tak\u017ce kolor d\u0119bu jest&#8230;<\/p>\n","protected":false},"author":2,"featured_media":14081,"comment_status":"open","ping_status":"open","sticky":false,"template":"","format":"standard","meta":{"_tbt_post_transparent":"","_tbt_post_title":"","_tbt_post_layout":"","_tbt_post_sidebar_id":"","_tbt_post_content_style":"","_tbt_post_vertical_padding":"","_tbt_post_feature":"","_tbt_post_feature_position":"","_tbt_post_header":false,"_tbt_post_footer":false},"categories":[34],"tags":[],"class_list":["post-14080","post","type-post","status-publish","format-standard","has-post-thumbnail","hentry","category-aktualnosci"],"_links":{"self":[{"href":"https:\/\/swietyjerzy.elblag.pl\/index.php\/wp-json\/wp\/v2\/posts\/14080","targetHints":{"allow":["GET"]}}],"collection":[{"href":"https:\/\/swietyjerzy.elblag.pl\/index.php\/wp-json\/wp\/v2\/posts"}],"about":[{"href":"https:\/\/swietyjerzy.elblag.pl\/index.php\/wp-json\/wp\/v2\/types\/post"}],"author":[{"embeddable":true,"href":"https:\/\/swietyjerzy.elblag.pl\/index.php\/wp-json\/wp\/v2\/users\/2"}],"replies":[{"embeddable":true,"href":"https:\/\/swietyjerzy.elblag.pl\/index.php\/wp-json\/wp\/v2\/comments?post=14080"}],"version-history":[{"count":1,"href":"https:\/\/swietyjerzy.elblag.pl\/index.php\/wp-json\/wp\/v2\/posts\/14080\/revisions"}],"predecessor-version":[{"id":14082,"href":"https:\/\/swietyjerzy.elblag.pl\/index.php\/wp-json\/wp\/v2\/posts\/14080\/revisions\/14082"}],"wp:featuredmedia":[{"embeddable":true,"href":"https:\/\/swietyjerzy.elblag.pl\/index.php\/wp-json\/wp\/v2\/media\/14081"}],"wp:attachment":[{"href":"https:\/\/swietyjerzy.elblag.pl\/index.php\/wp-json\/wp\/v2\/media?parent=14080"}],"wp:term":[{"taxonomy":"category","embeddable":true,"href":"https:\/\/swietyjerzy.elblag.pl\/index.php\/wp-json\/wp\/v2\/categories?post=14080"},{"taxonomy":"post_tag","embeddable":true,"href":"https:\/\/swietyjerzy.elblag.pl\/index.php\/wp-json\/wp\/v2\/tags?post=14080"}],"curies":[{"name":"wp","href":"https:\/\/api.w.org\/{rel}","templated":true}]}}